{"id":11458,"date":"2023-06-01T09:08:45","date_gmt":"2023-06-01T09:08:45","guid":{"rendered":"https:\/\/principesdeparis.es\/principes\/?p=11458"},"modified":"2023-06-01T15:10:30","modified_gmt":"2023-06-01T15:10:30","slug":"en-directo-rueda-de-prensa-de-juan-carlos-cordero","status":"publish","type":"post","link":"https:\/\/principesdeparis.es\/principes\/en-directo-rueda-de-prensa-de-juan-carlos-cordero\/","title":{"rendered":"Cordero: \u00abEsperaremos por Giuliano y haremos un esfuerzo por Beb\u00e9, pero es complicado\u00bb"},"content":{"rendered":"<p><strong>Temporada:<\/strong> \u00abLa fase final de la temporada ha dejado un buen sabor de boca. Se acerca a lo que quiero de mis equipos. Esa fase final con la que nos tenemos que quedar es la base para construir una plantilla que nos ilusiones a todos. Me quedo con ese balance positivo\u00bb.<\/p>\n<p><strong>Pasos a dar:<\/strong> \u00abLa competici\u00f3n sigue vigente y hay rivales para jugadores que queremos. Es muy pronto. La idea es principal es que van a venir muchos jugadores en varias demarcaciones. Mejoraremos.\u00bb<\/p>\n<p><strong>Giuliano:<\/strong> \u00abS\u00f3lo podemos tener palabras de agradecimiento. Es jugador del Atl\u00e9tico. Lo esperaremos hasta el final. El Real Zaragoza ha trasladado el inter\u00e9s por \u00e9l\u00bb.<\/p>\n<p><strong>Sinergias:<\/strong> \u00abEn un mercado tan complicado hay que intentar aprovecharse de los mejores con los argumentos que tienes. Me gusta tener futbolistas en propiedad. Luego el mercado nos dir\u00e1 hac\u00eda d\u00f3nde iremos\u00bb.<\/p>\n<p><strong>Ascenso:<\/strong> \u00abEn Pilares no pedir la cabeza del entrenador, de jugadores&#8230; Me quedo con las palabras de Zapater en su despedida. Marcar objetivos de estar entre los mejores, sin duda alguna. El Real Zaragoza tiene la obligaci\u00f3n de estar entre los mejores por historia y sobre todo por jugadores.\u00bb<\/p>\n<p><strong>Perfil de plantilla:<\/strong> \u00abJugadores comprometidos con exigencia m\u00e1xima. Tres porteros competitivos. No voy\u00a0 a tener prisa por firmar, s\u00f3lo los que nos mejoren. Se van a dar pasos pero con cuidado. Mejoraremos el equipo\u00a0 en cualquier posici\u00f3n.\u00bb<\/p>\n<p><strong>Limite salarial:<\/strong> \u00abEl de hoy es cauto pero el club intenta mejorarlo. Si no ser\u00e1 dif\u00edcil competir\u00bb.<\/p>\n<p><strong>Gueye:<\/strong> \u00abHa dado un rendimiento por debajo de lo previsto. Hemos apostado por \u00e9l pero no termin\u00f3 de enlazar con nadie, ni con plantilla ni con afici\u00f3n. El 30 de junio acaba su vinculaci\u00f3n\u00bb.<\/p>\n<p><strong>Plantilla corta:<\/strong> \u00abNo sabemos el control financiero ni las salidas que se dar\u00e1n. Mi idea es llegar a acuerdos para que salgan algunos. Ser\u00e1 una batalla en un mercado en el que cada uno mira por s\u00ed mismo. Queremos futbolistas de mayor nivel y talento\u00bb.<\/p>\n<p><strong>Posibles traspasos:<\/strong> \u00abEl club no me ha dicho de vender a nadie. En cualquier caso no lo expondr\u00eda porque rebajar\u00eda el valor del jugador\u00bb.<\/p>\n<p><strong>Cantera:<\/strong> \u00abEs prioritaria.\u00a0 En pretemporada alguno del filial y del juvenil trabajar\u00e1 con el primer equipo\u00bb.<\/p>\n<p><strong>Franc\u00e9s:<\/strong> \u00abEs un activo del club con el que contamos. Es fundamental para nosotros. Ha sido el tercer central pero es importante\u00bb.<\/p>\n<p><strong>La pretemporada:<\/strong> \u00abComienza el 3 de julio y tenemos pendiente ir a Bolta\u00f1a. Haremos una tercera semana en la Ciudad Deportiva y jugaremos dos partidos. La \u00faltima de julio nos desplazaremos a Pinatar Arena para disputar tres encuentros y m\u00e1s adelante jugaremos el Trofeo Carlos Lapetra\u00bb.<\/p>\n<p><strong>Llu\u00eds L\u00f3pez y Vada<\/strong>: \u00abCon Llu\u00eds hemos llegado a una acuerdo de dos temporadas m\u00e1s con una opci\u00f3n de una tercera. Es un futbolista muy fiable y pieza indispensable. Con Larra hemos acordado para rescindir. Con Vada convers\u00e9 y ejecutaremos su cl\u00e1usula de salida\u00bb.<\/p>\n<p><strong>Plantilla:<\/strong> \u00abMe gustar\u00eda que Escrib\u00e1 pudiera trabajar con la plantilla lo m\u00e1s completa posible en Pinatar. El grueso de la plantilla querr\u00eda tenerla cuanto antes, pero s\u00e9 que todo ir\u00e1 hasta final de mercado\u00bb.<\/p>\n<p><strong>Mejor equipo:<\/strong> \u00abLa idea es mejorar y ser m\u00e1s competitivos con jugadores de varios puestos\u00bb.<\/p>\n<p><strong>Tipo de porteros:<\/strong> \u00abNo es traer un complemento. Queremos tres de nivel para generar competencia a Cristian. Con Rat\u00f3n no se renueva y con Rebollo se plantear\u00e1 una renovaci\u00f3n para que sea uno de esos tres de la primera plantilla. No me gustar\u00eda estar s\u00f3lo con Cristian, que ya tiene una edad\u00bb.<\/p>\n<p><strong>Cedidos:<\/strong> \u00abDepender\u00e1 de c\u00f3mo encajan o no en la plantilla. Est\u00e1 confirmado que Marc Aguado viene para tener un rol importante en la plantilla, luego se ver\u00e1 cu\u00e1l es en el campo. Le veo maduro.\u00a0 Pau Sans har\u00e1 la pretemporada y combinar\u00e1 con el filial\u00bb.<\/p>\n<p><strong>Mollejo y Beb\u00e9:<\/strong> \u00abComplejo. Veremos qu\u00e9 dicen sus clubes de procedencia. Esperaremos por ambos. Si el club tiene que que hacer un esfuerzo por Beb\u00e9, lo har\u00e1\u00bb.<\/p>\n<p><strong>Laterales:<\/strong> \u00abQuiero fortalecer todas las posiciones con jugadores de fuera o con los de la casa\u00bb.<\/p>\n<p><strong>Sabin Merino:\u00a0<\/strong> \u00abVuelve con contrato y tengo pendiente una conversaci\u00f3n para buscarle una salida. Sabe que aqu\u00ed tiene dif\u00edcil jugar\u00bb.<\/p>\n<p><strong>Puche: \u00ab<\/strong>Nadie tiene garantizada la continuidad. Contamos con \u00e9l. Es honrado y siempre ha cumplido. Veremos en que rol queda, algo que a\u00fan no sabemos\u00bb.<\/p>\n<p>&nbsp;<\/p>\n<p>&nbsp;<\/p>\n<p>&nbsp;<\/p>\n<p>&nbsp;<\/p>\n<p>&nbsp;<\/p>\n","protected":false},"excerpt":{"rendered":"<p>Temporada: \u00abLa fase final de la temporada ha dejado un buen sabor de boca. Se acerca a lo que quiero de mis equipos. Esa fase final con la que nos tenemos que quedar es la base para construir una plantilla que nos ilusiones a todos. Me quedo con ese balance <a class=\"read-more\" href=\"https:\/\/principesdeparis.es\/principes\/en-directo-rueda-de-prensa-de-juan-carlos-cordero\/\">Sigue leyendo<\/a><\/p>\n","protected":false},"author":2,"featured_media":11482,"comment_status":"open","ping_status":"open","sticky":false,"template":"","format":"standard","meta":{"footnotes":""},"categories":[13,1],"tags":[],"class_list":["post-11458","post","type-post","status-publish","format-standard","has-post-thumbnail","hentry","category-publicidad","category-real-zaragoza"],"_links":{"self":[{"href":"https:\/\/principesdeparis.es\/principes\/wp-json\/wp\/v2\/posts\/11458","targetHints":{"allow":["GET"]}}],"collection":[{"href":"https:\/\/principesdeparis.es\/principes\/wp-json\/wp\/v2\/posts"}],"about":[{"href":"https:\/\/principesdeparis.es\/principes\/wp-json\/wp\/v2\/types\/post"}],"author":[{"embeddable":true,"href":"https:\/\/principesdeparis.es\/principes\/wp-json\/wp\/v2\/users\/2"}],"replies":[{"embeddable":true,"href":"https:\/\/principesdeparis.es\/principes\/wp-json\/wp\/v2\/comments?post=11458"}],"version-history":[{"count":26,"href":"https:\/\/principesdeparis.es\/principes\/wp-json\/wp\/v2\/posts\/11458\/revisions"}],"predecessor-version":[{"id":11486,"href":"https:\/\/principesdeparis.es\/principes\/wp-json\/wp\/v2\/posts\/11458\/revisions\/11486"}],"wp:featuredmedia":[{"embeddable":true,"href":"https:\/\/principesdeparis.es\/principes\/wp-json\/wp\/v2\/media\/11482"}],"wp:attachment":[{"href":"https:\/\/principesdeparis.es\/principes\/wp-json\/wp\/v2\/media?parent=11458"}],"wp:term":[{"taxonomy":"category","embeddable":true,"href":"https:\/\/principesdeparis.es\/principes\/wp-json\/wp\/v2\/categories?post=11458"},{"taxonomy":"post_tag","embeddable":true,"href":"https:\/\/principesdeparis.es\/principes\/wp-json\/wp\/v2\/tags?post=11458"}],"curies":[{"name":"wp","href":"https:\/\/api.w.org\/{rel}","templated":true}]}}