{"id":11487,"date":"2023-06-01T17:30:00","date_gmt":"2023-06-01T17:30:00","guid":{"rendered":"https:\/\/principesdeparis.es\/principes\/?p=11487"},"modified":"2023-06-01T17:30:00","modified_gmt":"2023-06-01T17:30:00","slug":"un-equipo-a-la-espera-de-su-mitad-mas-robusta","status":"publish","type":"post","link":"https:\/\/principesdeparis.es\/principes\/un-equipo-a-la-espera-de-su-mitad-mas-robusta\/","title":{"rendered":"Un equipo a la espera de su mitad m\u00e1s robusta"},"content":{"rendered":"<p style=\"text-align: center;\"><strong>Cordero apenas desvela novedades sobre un Real Zaragoza que tiene ya media plantilla cerrada con futbolistas por confirmar su capacidad para un proyecto ambicioso y que necesita la cobertura de al menos una docena de novedades relevantes para el once<\/strong><\/p>\n<p>La rueda de prensa de Juan Carlos Cordero para valorar la temporada pasada en lo que le corresponde y sobre todo para vislumbrar en la medida de lo posible la cara de su nuevo proyecto, se ha quedado en un acto protocolario con muy poca sustancia de futuro. El director general s\u00f3lo ha descubierto en realidad que quiere tres porteros en la primera plantilla. Ha confirmado el regreso de Marc Aguado con un rol importante en el equipo y la inminente renovaci\u00f3n de Llu\u00eds L\u00f3pez por dos ejercicios y uno m\u00e1s condicionado, aspectos que ya se conoc\u00edan. El resto de su charla apenas ha aportado m\u00e1s informaci\u00f3n novedosa. Le gustar\u00eda volver a contar con las cesiones de Giuliano, Beb\u00e9 y Mollejo, incluso haciendo un esfuerzo econ\u00f3mico por el caboverdiano, pero ha admitido que la complejidad es m\u00e1xima para que se reproduzca alguno de esos pr\u00e9stamos. Asimismo ha indicado que a Rebollo se le quiere como uno de los v\u00e9rtices de ese tri\u00e1ngulo en la porter\u00eda y que se le har\u00e1 una oferta. Por la puerta de salida por causas de fin de contrato, rescisi\u00f3n o cesi\u00f3n y regreso a sus clubes de origen se ir\u00e1n Vada, Larrazabal (ya confirmado), Rat\u00f3n, Fuentes y Alarc\u00f3n, adem\u00e1s del homenajeado Zapater. No se cuenta con Quinteros, Gueye, Vigaray, Eugeni y Manu Molina, ni con Sabin Merino e Igbekeme, que retornan del Atl\u00e9tico San Luis y el Wisla Cracovia. El ejecutivo ha subrayado que algunas de estas negociaciones ser\u00e1n dudas y marcar\u00e1n los tiempos para vislumbrar el equipo que persigue junto a Fran Escrib\u00e1, un bloque que, seg\u00fan conf\u00eda, tendr\u00e1 m\u00e1s calidad y talento.<\/p>\n<p>El Real Zaragoza, como es l\u00f3gico, est\u00e1 en pa\u00f1ales en la mayor\u00eda de las operaciones y no se le adivinar\u00e1 el rostro completo hasta el cierre del mercado. Sin embargo, si es cierto que se busca una plantilla corta, ya tiene casi la mitad de las n\u00f3minas cubiertas, en su mayor parte con futbolistas que en las tres ultimas campa\u00f1as han jugado por la permanencia, y mucho de ellos con plaza fija en la titularidad. De unos se espera que mantegan su nivel, como Cristian y Jair, y de otros que confirmen su crecimiento o eleven su grado de regularidad, casos de G\u00e1mez, Francho, Grau, Nieto, Bermejo, Puche o Llu\u00eds L\u00f3pez. Franc\u00e9s y Az\u00f3n, por cuestiones diferentes, han perdido un a\u00f1o que parec\u00eda ideal para la confirmaci\u00f3n del central y el asentamiento en el once del delantero. Luna cumpli\u00f3 con buena nota antes de lesionarse; Marc Aguado, gobernador del singular Andorra de Eder Sarabia, regresa con galones despu\u00e9s de tres cesiones al equipo del Principado, y el prometedor Pau Sans transitar\u00e1 entre el primer equipo y el filial. La importancia de las nuevas incorporaciones, que rondar\u00e1 la docena y cuyo funci\u00f3n ha de ser relevante, resulta capital para arropar a ese grupo competitivo pero carente de una marcada personalidad ganadora. Cordero est\u00e1 obligado a dar en todas las dianas de las adquisiciones sean en propiedad, como le gustar\u00eda, o por otra v\u00eda si el objetivo es postularse para estar cerca de las seis primeras plazas y poder acabar entre ellas al t\u00e9rmino de la competici\u00f3n.<\/p>\n<p>Con tres meses por delante y todo el trabajo acumulado hasta ahora en los despachos, hay tiempo conseguir esa otra mitad de la naranja, sin duda la que debe ser la m\u00e1s robusta. El director deportivo ha de hilar muy fino sin atreverse a\u00fan a establecer la fuerza financiera de la que dispondr\u00e1. Prefiere mostrarse \u00abcauto\u00bb en este sentido mientras el club busca recursos para establecer un l\u00edmite salarial que le permita acometer con holgura la configuraci\u00f3n de la plantilla que pretende. Aunque describi\u00f3 todas las posiciones que requieren reforzarse, la mayor\u00eda, desech\u00f3 dar nombres o insinuar perfiles cuando el campeonato a\u00fan est\u00e1 en marcha y el resto de los clubes de Segunda van a competir por futbolistas que tambi\u00e9n est\u00e1n en su agenda. El tipo de jugadores por llegar, no obstante, han de ajustarse a unos par\u00e1metros muy concretos, en los que primar\u00e1 la experiencia, el car\u00e1cter y la ilusi\u00f3n adem\u00e1s, por supuesto, de la calidad. Amanece, que no es poco, en un Real Zaragoza todav\u00eda a media luz del pasado y cuyo estructura definitiva tardar\u00e1 en descubrirse.<\/p>\n<p><strong>Los que se quedan<\/strong><\/p>\n<p>Cristian<br \/>\nG\u00e1mez<br \/>\nNieto<br \/>\nFranc\u00e9s<br \/>\nJair<br \/>\nLuna<br \/>\nLlu\u00eds L\u00f3pez<br \/>\nFrancho<br \/>\nGrau<br \/>\nBermejo<br \/>\nAz\u00f3n<br \/>\nMarc Aguado (de regreso del Andorra)<br \/>\nPuche<\/p>\n<p>*Pau Sans (entre primer equipo y filial)<\/p>\n<p><strong>Los que se van<\/strong><\/p>\n<p>Zapater<br \/>\nRat\u00f3n<br \/>\nLarrazabal<br \/>\nVada<br \/>\n*Fuentes (fin de cesi\u00f3n)<br \/>\n*Alarc\u00f3n (fin de cesi\u00f3n)<\/p>\n<p><strong>Los que se negocia su salida o cesi\u00f3n<\/strong><br \/>\nQuinteros<br \/>\nGueye<br \/>\nVigaray<br \/>\nEugeni<br \/>\nManu Molina<br \/>\nSabin Merino<br \/>\nIgbekeme<\/p>\n<p><strong>Los que se desea su continuidad<\/strong><br \/>\nGiuliano<br \/>\nMollejo<br \/>\nBeb\u00e9<br \/>\n*Rebollo (en negociaciones)<\/p>\n","protected":false},"excerpt":{"rendered":"<p>Cordero apenas desvela novedades sobre un Real Zaragoza que tiene ya media plantilla cerrada con futbolistas por confirmar su capacidad para un proyecto ambicioso y que necesita la cobertura de al menos una docena de novedades relevantes para el once La rueda de prensa de Juan Carlos Cordero para valorar <a class=\"read-more\" href=\"https:\/\/principesdeparis.es\/principes\/un-equipo-a-la-espera-de-su-mitad-mas-robusta\/\">Sigue leyendo<\/a><\/p>\n","protected":false},"author":2,"featured_media":11490,"comment_status":"open","ping_status":"open","sticky":false,"template":"","format":"standard","meta":{"footnotes":""},"categories":[13,1],"tags":[],"class_list":["post-11487","post","type-post","status-publish","format-standard","has-post-thumbnail","hentry","category-publicidad","category-real-zaragoza"],"_links":{"self":[{"href":"https:\/\/principesdeparis.es\/principes\/wp-json\/wp\/v2\/posts\/11487","targetHints":{"allow":["GET"]}}],"collection":[{"href":"https:\/\/principesdeparis.es\/principes\/wp-json\/wp\/v2\/posts"}],"about":[{"href":"https:\/\/principesdeparis.es\/principes\/wp-json\/wp\/v2\/types\/post"}],"author":[{"embeddable":true,"href":"https:\/\/principesdeparis.es\/principes\/wp-json\/wp\/v2\/users\/2"}],"replies":[{"embeddable":true,"href":"https:\/\/principesdeparis.es\/principes\/wp-json\/wp\/v2\/comments?post=11487"}],"version-history":[{"count":2,"href":"https:\/\/principesdeparis.es\/principes\/wp-json\/wp\/v2\/posts\/11487\/revisions"}],"predecessor-version":[{"id":11489,"href":"https:\/\/principesdeparis.es\/principes\/wp-json\/wp\/v2\/posts\/11487\/revisions\/11489"}],"wp:featuredmedia":[{"embeddable":true,"href":"https:\/\/principesdeparis.es\/principes\/wp-json\/wp\/v2\/media\/11490"}],"wp:attachment":[{"href":"https:\/\/principesdeparis.es\/principes\/wp-json\/wp\/v2\/media?parent=11487"}],"wp:term":[{"taxonomy":"category","embeddable":true,"href":"https:\/\/principesdeparis.es\/principes\/wp-json\/wp\/v2\/categories?post=11487"},{"taxonomy":"post_tag","embeddable":true,"href":"https:\/\/principesdeparis.es\/principes\/wp-json\/wp\/v2\/tags?post=11487"}],"curies":[{"name":"wp","href":"https:\/\/api.w.org\/{rel}","templated":true}]}}