{"id":11491,"date":"2023-06-02T09:52:36","date_gmt":"2023-06-02T09:52:36","guid":{"rendered":"https:\/\/principesdeparis.es\/principes\/?p=11491"},"modified":"2023-06-02T09:52:36","modified_gmt":"2023-06-02T09:52:36","slug":"cordero-el-primero-en-renunciar-al-ascensor","status":"publish","type":"post","link":"https:\/\/principesdeparis.es\/principes\/cordero-el-primero-en-renunciar-al-ascensor\/","title":{"rendered":"Cordero, el primero en renunciar al ascensor"},"content":{"rendered":"<p style=\"text-align: center;\"><strong>El director deportivo rompe con la tendencia de todos sus antecesores en el cargo durante la d\u00e9cada en Segunda de presentar el regreso a Primera como objetivo prioritario en la parrilla de salida<\/strong><\/p>\n<p>\u00abDe mi boca no saldr\u00e1 la palabra ascenso\u00bb. Esa afirmaci\u00f3n de Juan Carlos Cordero cuando se le cuestion\u00f3 sobre un regreso inmediato a Primera rompi\u00f3 con la tendencia de todos sus antecesores en el cargo durante la d\u00e9cada en Segunda de presentar el retorno a Primera como exigencia de salida. El director deportivo fue m\u00e1s all\u00e1, y aunque admiti\u00f3 que el objetivo es estar entre los mejores, mantuvo una prudencial distancia entre el significado hist\u00f3rico del club y la realidad de que son los jugadores y no la grandeza de la instituci\u00f3n quienes conducir\u00e1n al equipo, si se da el caso, al \u00e9xito. En su l\u00ednea de prudencia, envi\u00f3 un mensaje de paciencia para una temporada que, como todas, en ninguno de los casos ser\u00e1 sencilla. \u00abPara Pilares no podemos pedir ya la cabeza de un entrenador o de un futbolista. Ni ver un empate como un mal resultado\u00bb.<\/p>\n<p>El quinto director deportivo del episodio m\u00e1s oscuro en la biograf\u00eda del club ha sido el primero en renunciar al goloso ascensor. Ha cogido las escaleras y las quiere subir de una en una, con paso firme pero prevenido para los tropezones y las zonas resbaladizas. Hasta ahora, por una su otras razones, por confianza, entusiasmo o mala informaci\u00f3n, sus cuatro antecesores se dejaron llevar por la tentaci\u00f3n de nombrar el ascenso de forma directa o simb\u00f3lica. Con plantillas preparadas para el reto y con equipos a a\u00f1os luz de poder postularse para estar entre los seis primeros. \u00c1ngel Mart\u00edn Gonz\u00e1lez, un profesional comedido y consecuente, dijo esto en su presentaci\u00f3n, en 2014: \u00abEl ascenso es el objetivo. Debemos pelearlo desde el minuto 1. Lo de la temporada pasada fue un poco peculiar porque empezamos tarde, pero pensamos que en esta podemos subir\u00bb. Fue el que m\u00e1s cerca estuvo de lograrlo, hasta el \u00faltimo y amargo suspiro en la final contra el Las Palmas. En diciembre de 2015 acab\u00f3 en el cadalso junto a Ranko Popovic.<\/p>\n<p>Narc\u00eds Juli\u00e0, su relevo, tampoco se caracteriza por la venta de humo a granel. Pero en alg\u00fan momento lo hizo con cautela. \u00abLos actuales jugadores son los mejores que se pueden disponer para el reto del ascenso y que como director deportivo tengo que defenderles e incentivarles con el convencimiento de que deben ser ellos los que tienen que lograr ese objetivo\u00bb. M\u00e1s adelante, en la puesta de largo de Ra\u00fal Agn\u00e9 en Lugar de Luis Milla, indic\u00f3 que se manten\u00eda el objetivo del ascenso a Primera, pero pidiendo tranquilidad: \u00abDeseamos toda la suerte a Agn\u00e9 en el Zaragoza. Sigo confiando al m\u00e1ximo en este proyecto, aunque requiere paciencia y el tick necesario para sacarlo adelante\u00bb. Lalo Arantegui tom\u00f3 el testigo del catal\u00e1n en 2017. Midi\u00f3 siempre sus palabras y en su debut en los despachos, el equipo disput\u00f3 el playoff para caer en la semifinal contra el Numancia. En el curso 19-20, con V\u00edctor Fern\u00e1ndez en el banquillo, volvi\u00f3 a quedarse a dos palmos de Primera en una frustrante eliminatoria frente al Elche. Renovado por cuatro temporadas m\u00e1s, hasta 2024, y tras una colisi\u00f3n nada disimulada con el t\u00e9cnico campe\u00f3n de la Recopa, a quien la Fundaci\u00f3n quer\u00eda renovar a toda costa, Arantegui se dej\u00f3 llevar. \u00abSe acab\u00f3 el luto, volveremos a pelear por el ascenso\u00bb. Sus apuestas por Baraja e Iv\u00e1n Mart\u00ednez le condenaron y fue destituido.<\/p>\n<p>Miguel Torrecilla fue el elegido para rearmar al Real Zaragoza para una salvaci\u00f3n que parec\u00eda imposible el invierno de 2020. Su decisi\u00f3n m\u00e1s acertada fue la contrataci\u00f3n de Juan Ignacio Mart\u00ednez, un entrenador de su m\u00e1xima confianza y que le respondi\u00f3 al 200%. \u00abHay plantilla suficiente para pelear por el ascenso, para estar en la pomada\u00bb. As\u00ed se arranc\u00f3 en su primera valoraci\u00f3n sobre el mercado de verano, ya con cargo en plaza. A\u00fan en febrero de 2022, en la 15\u00aa posici\u00f3n y a siete puntos de la zona de promoci\u00f3n, insisti\u00f3 en su desmedido optimismo: \u00abMe mantengo, el equipo va a tener argumentos para pelear por estar en la pomada\u00bb. El cambio de propiedad no supuso su salida pese a su nefasta labor, sobre todo en la contrataci\u00f3n de delanteros. Ra\u00fal Sanlleh\u00ed le dio un voto de confianza para mantenerlo como puente en la mudanza de poderes y administraci\u00f3n deportiva y se lo quit\u00f3 al certificar su escasa cualificaci\u00f3n. Cordero no se ha dejado seducir por ahora por los cantos de sirena del ascensor. Ha dispuesto el campamento base en la entreplanta e intentar\u00e1 subir piso a piso sin prisa pero sin pausa. Lo mejor abrigado posible para otro invierno que quiere ser primavera.<\/p>\n","protected":false},"excerpt":{"rendered":"<p>El director deportivo rompe con la tendencia de todos sus antecesores en el cargo durante la d\u00e9cada en Segunda de presentar el regreso a Primera como objetivo prioritario en la parrilla de salida \u00abDe mi boca no saldr\u00e1 la palabra ascenso\u00bb. Esa afirmaci\u00f3n de Juan Carlos Cordero cuando se le <a class=\"read-more\" href=\"https:\/\/principesdeparis.es\/principes\/cordero-el-primero-en-renunciar-al-ascensor\/\">Sigue leyendo<\/a><\/p>\n","protected":false},"author":2,"featured_media":11492,"comment_status":"open","ping_status":"open","sticky":false,"template":"","format":"standard","meta":{"footnotes":""},"categories":[13,1],"tags":[],"class_list":["post-11491","post","type-post","status-publish","format-standard","has-post-thumbnail","hentry","category-publicidad","category-real-zaragoza"],"_links":{"self":[{"href":"https:\/\/principesdeparis.es\/principes\/wp-json\/wp\/v2\/posts\/11491","targetHints":{"allow":["GET"]}}],"collection":[{"href":"https:\/\/principesdeparis.es\/principes\/wp-json\/wp\/v2\/posts"}],"about":[{"href":"https:\/\/principesdeparis.es\/principes\/wp-json\/wp\/v2\/types\/post"}],"author":[{"embeddable":true,"href":"https:\/\/principesdeparis.es\/principes\/wp-json\/wp\/v2\/users\/2"}],"replies":[{"embeddable":true,"href":"https:\/\/principesdeparis.es\/principes\/wp-json\/wp\/v2\/comments?post=11491"}],"version-history":[{"count":1,"href":"https:\/\/principesdeparis.es\/principes\/wp-json\/wp\/v2\/posts\/11491\/revisions"}],"predecessor-version":[{"id":11493,"href":"https:\/\/principesdeparis.es\/principes\/wp-json\/wp\/v2\/posts\/11491\/revisions\/11493"}],"wp:featuredmedia":[{"embeddable":true,"href":"https:\/\/principesdeparis.es\/principes\/wp-json\/wp\/v2\/media\/11492"}],"wp:attachment":[{"href":"https:\/\/principesdeparis.es\/principes\/wp-json\/wp\/v2\/media?parent=11491"}],"wp:term":[{"taxonomy":"category","embeddable":true,"href":"https:\/\/principesdeparis.es\/principes\/wp-json\/wp\/v2\/categories?post=11491"},{"taxonomy":"post_tag","embeddable":true,"href":"https:\/\/principesdeparis.es\/principes\/wp-json\/wp\/v2\/tags?post=11491"}],"curies":[{"name":"wp","href":"https:\/\/api.w.org\/{rel}","templated":true}]}}