{"id":11494,"date":"2023-06-02T10:38:02","date_gmt":"2023-06-02T10:38:02","guid":{"rendered":"https:\/\/principesdeparis.es\/principes\/?p=11494"},"modified":"2023-06-03T09:17:08","modified_gmt":"2023-06-03T09:17:08","slug":"frances-regresa-a-la-sin-21","status":"publish","type":"post","link":"https:\/\/principesdeparis.es\/principes\/frances-regresa-a-la-sin-21\/","title":{"rendered":"Franc\u00e9s regresa a la sub 21"},"content":{"rendered":"<div class=\"views-field views-field-field-subtitulo\"><\/div>\n<div class=\"views-field views-field-body\">\n<div class=\"field-content\">\n<p>El seleccionador nacional sub 21, Santi Denia, ha ofrecido este viernes la lista de jugadores que comenzar\u00e1n la preparaci\u00f3n para el Europeo que se disputa del 21 de junio al 8 de julio, en la que se encuentra el central del Real Zaragoza Alejandro Franc\u00e9s. No as\u00ed Iv\u00e1n Az\u00f3n, que tambi\u00e9n se encontraba en la prelista. El defensa zaragocista, que regresa al combinado nacional, es el \u00fanico futbolista de Segunda convocado para esta cita junto a Antonio Blanco, del Alav\u00e9s. Pese a que el canterano ha dejado atr\u00e1s un a\u00f1o complicado, principalmente por un alesi\u00f3n en el codo y cuando Escrib\u00e1 eligi\u00f3 por delante a Llu\u00eds L\u00f3pez, sigue contando para Denia, al igual que antes con Luis de la Fuente, a la espera de que el seleccionador d\u00e9 a conocer los nombres de los futbolistas que acudir\u00e1n al torneo continental. El aragon\u00e9s tiene tambi\u00e9n posibilidad de ganarse el pasaporte para los pr\u00f3ximos Juegos Ol\u00edmpicos de Par\u00eds en 2024.<\/p>\n<p>Jugadores y cuerpo t\u00e9cnico con el seleccionador nacional Santi Denia al frente comenzar\u00e1n la concentraci\u00f3n el viernes 9 de junio en Madrid, donde llevar\u00e1n a cabo su preparaci\u00f3n. El martes 13 de junio disputar\u00e1 un partido amistoso frente a M\u00e9xico en la Ciudad del F\u00fatbol (21.00 horas), ser\u00e1 la \u00faltima prueba antes de dar a conocer la lista definitiva de jugadores que viajar\u00e1n a Ruman\u00eda el 18 de junio para disputar el Campeonato de Europa. Espa\u00f1a busca su sexto t\u00edtulo continental en la cita que comienza el 21 de junio.<\/p>\n<p>&nbsp;<\/p>\n<p><img loading=\"lazy\" decoding=\"async\" class=\"alignnone size-medium wp-image-11499\" src=\"https:\/\/principesdeparis.es\/principes\/wp-content\/uploads\/2023\/06\/convocatoria_sub21_mayo23_euro_1920x1080-300x169.png\" alt=\"\" width=\"300\" height=\"169\" srcset=\"https:\/\/principesdeparis.es\/principes\/wp-content\/uploads\/2023\/06\/convocatoria_sub21_mayo23_euro_1920x1080-300x169.png 300w, https:\/\/principesdeparis.es\/principes\/wp-content\/uploads\/2023\/06\/convocatoria_sub21_mayo23_euro_1920x1080-768x432.png 768w, https:\/\/principesdeparis.es\/principes\/wp-content\/uploads\/2023\/06\/convocatoria_sub21_mayo23_euro_1920x1080-610x343.png 610w, https:\/\/principesdeparis.es\/principes\/wp-content\/uploads\/2023\/06\/convocatoria_sub21_mayo23_euro_1920x1080-400x225.png 400w, https:\/\/principesdeparis.es\/principes\/wp-content\/uploads\/2023\/06\/convocatoria_sub21_mayo23_euro_1920x1080.png 960w\" sizes=\"auto, (max-width: 300px) 100vw, 300px\" \/><\/p>\n<\/div>\n<\/div>\n","protected":false},"excerpt":{"rendered":"<p>El seleccionador nacional sub 21, Santi Denia, ha ofrecido este viernes la lista de jugadores que comenzar\u00e1n la preparaci\u00f3n para el Europeo que se disputa del 21 de junio al 8 de julio, en la que se encuentra el central del Real Zaragoza Alejandro Franc\u00e9s. No as\u00ed Iv\u00e1n Az\u00f3n, que <a class=\"read-more\" href=\"https:\/\/principesdeparis.es\/principes\/frances-regresa-a-la-sin-21\/\">Sigue leyendo<\/a><\/p>\n","protected":false},"author":2,"featured_media":11508,"comment_status":"open","ping_status":"open","sticky":false,"template":"","format":"standard","meta":{"footnotes":""},"categories":[13,1],"tags":[],"class_list":["post-11494","post","type-post","status-publish","format-standard","has-post-thumbnail","hentry","category-publicidad","category-real-zaragoza"],"_links":{"self":[{"href":"https:\/\/principesdeparis.es\/principes\/wp-json\/wp\/v2\/posts\/11494","targetHints":{"allow":["GET"]}}],"collection":[{"href":"https:\/\/principesdeparis.es\/principes\/wp-json\/wp\/v2\/posts"}],"about":[{"href":"https:\/\/principesdeparis.es\/principes\/wp-json\/wp\/v2\/types\/post"}],"author":[{"embeddable":true,"href":"https:\/\/principesdeparis.es\/principes\/wp-json\/wp\/v2\/users\/2"}],"replies":[{"embeddable":true,"href":"https:\/\/principesdeparis.es\/principes\/wp-json\/wp\/v2\/comments?post=11494"}],"version-history":[{"count":11,"href":"https:\/\/principesdeparis.es\/principes\/wp-json\/wp\/v2\/posts\/11494\/revisions"}],"predecessor-version":[{"id":11510,"href":"https:\/\/principesdeparis.es\/principes\/wp-json\/wp\/v2\/posts\/11494\/revisions\/11510"}],"wp:featuredmedia":[{"embeddable":true,"href":"https:\/\/principesdeparis.es\/principes\/wp-json\/wp\/v2\/media\/11508"}],"wp:attachment":[{"href":"https:\/\/principesdeparis.es\/principes\/wp-json\/wp\/v2\/media?parent=11494"}],"wp:term":[{"taxonomy":"category","embeddable":true,"href":"https:\/\/principesdeparis.es\/principes\/wp-json\/wp\/v2\/categories?post=11494"},{"taxonomy":"post_tag","embeddable":true,"href":"https:\/\/principesdeparis.es\/principes\/wp-json\/wp\/v2\/tags?post=11494"}],"curies":[{"name":"wp","href":"https:\/\/api.w.org\/{rel}","templated":true}]}}