{"id":11512,"date":"2023-06-04T21:00:41","date_gmt":"2023-06-04T21:00:41","guid":{"rendered":"https:\/\/principesdeparis.es\/principes\/?p=11512"},"modified":"2023-06-04T21:36:00","modified_gmt":"2023-06-04T21:36:00","slug":"el-valladolid-acompana-al-espanyol-y-al-elche-a-segunda","status":"publish","type":"post","link":"https:\/\/principesdeparis.es\/principes\/el-valladolid-acompana-al-espanyol-y-al-elche-a-segunda\/","title":{"rendered":"El Valladolid acompa\u00f1a al Espanyol y al Elche a Segunda"},"content":{"rendered":"<p>El Valladolid, el equipo que part\u00eda con mayor desventaja en la \u00faltima jornada de Primera, no pudo pasar del empate ante el Getafe (0-0) y con 40 puntos acab\u00f3 el campeonato en\u00a0 la 18\u00aa posici\u00f3n, con lo que desciende a Segunda junto a Espanyol y Elche, que ya hab\u00edan certificado la p\u00e9rdida de categor\u00eda con anterioridad.\u00a0 La noche empez\u00f3 con seis clubes en peligro,\u00a0 con el Valencia dentro de ese grupo pero tan s\u00f3lo un 1% de posibilidades de que una carambola consumara la improbable ca\u00edda al pozo de los ch\u00e9s. Pese a pasar mucho tiempo por detr\u00e1s como consecuencia de un tanto de Ayoze contra el Betis en la noche de la despedida de Joaqu\u00edn, Diego L\u00f3pez devolvi\u00f3 la paz el conjunto de Rub\u00e9n Baraja.<\/p>\n<p>La locura se concentr\u00f3 en Barcelona. Durante dos episodios del partido,\u00a0 el Almer\u00eda, que se hab\u00eda adelantado muy pronto por medio de El Bilal,\u00a0 estuvo descendido por la remontada del Espanyol con dianas de Puado y Pierre Gabriel primero. El empate de Embarba permiti\u00f3 respirar a los de Rub\u00ed, pero un disparo de Koleosho\u00a0 dibuj\u00f3 la tragedia para los andaluces en el RCDE Stadium con un 3-2 demoledor que les enviaba a Segunda. Otra vez Embarba, esta vez de penalti en el minuto 86, dibuj\u00f3 un 3-3 suficiente para la salvaci\u00f3n del Almer\u00eda.<\/p>\n<p>El Celta, sin Iago Aspas, las pas\u00f3 canutas en Bala\u00eddos, pero un par de goles de su futbolista m\u00e1s relevante, Gabri Veiga, le sac\u00f3 del atolladero frente al campe\u00f3n de Liga, que sin embarg\u00f3 estir\u00f3 la agon\u00eda de los gallegos con un cabezazo de Ansu Fati (2-1).\u00a0 El C\u00e1diz tambi\u00e9n tuvo sus momentos de incertidumbre. Marc\u00f3 pronto gracias a Escalante y aguant\u00f3 el empuje del Elche, al que invalidaron dos goles hasta que Luca Boy\u00e9 estableci\u00f3 la igualada (1-1). Al final, todo se decidi\u00f3 en Pucela, donde el Valladolid, mirando constantemente de reojo a Barcelona y a la respuesta del Espanyol, se qued\u00f3 clavado en unas tablas muy frustrantes ante un Getafe metido en problemas al que le era suficiente el empate que se produjo para no depender de terceros.<\/p>\n<p>El Real Zaragoza, por lo tanto, ya conoce a cinco equipos nuevos que le acompa\u00f1ar\u00e1n el pr\u00f3ximo curso en su und\u00e9cima experiencia en Segunda. Valladolid, que s\u00f3lo ha aguantado una campa\u00f1a en la \u00e9lite tras su ascenso directo con Pacheta en la 2022-2022, Espanyol, Elche y los ascendidos Racing de Ferrol, que regresa a la categor\u00eda 15 a\u00f1os despu\u00e9s, y el Amorebieta, de vuelta despu\u00e9s de haber perdido su plaza el curso pasado.<\/p>\n","protected":false},"excerpt":{"rendered":"<p>El Valladolid, el equipo que part\u00eda con mayor desventaja en la \u00faltima jornada de Primera, no pudo pasar del empate ante el Getafe (0-0) y con 40 puntos acab\u00f3 el campeonato en\u00a0 la 18\u00aa posici\u00f3n, con lo que desciende a Segunda junto a Espanyol y Elche, que ya hab\u00edan certificado <a class=\"read-more\" href=\"https:\/\/principesdeparis.es\/principes\/el-valladolid-acompana-al-espanyol-y-al-elche-a-segunda\/\">Sigue leyendo<\/a><\/p>\n","protected":false},"author":2,"featured_media":11516,"comment_status":"open","ping_status":"open","sticky":false,"template":"","format":"standard","meta":{"footnotes":""},"categories":[13,1],"tags":[],"class_list":["post-11512","post","type-post","status-publish","format-standard","has-post-thumbnail","hentry","category-publicidad","category-real-zaragoza"],"_links":{"self":[{"href":"https:\/\/principesdeparis.es\/principes\/wp-json\/wp\/v2\/posts\/11512","targetHints":{"allow":["GET"]}}],"collection":[{"href":"https:\/\/principesdeparis.es\/principes\/wp-json\/wp\/v2\/posts"}],"about":[{"href":"https:\/\/principesdeparis.es\/principes\/wp-json\/wp\/v2\/types\/post"}],"author":[{"embeddable":true,"href":"https:\/\/principesdeparis.es\/principes\/wp-json\/wp\/v2\/users\/2"}],"replies":[{"embeddable":true,"href":"https:\/\/principesdeparis.es\/principes\/wp-json\/wp\/v2\/comments?post=11512"}],"version-history":[{"count":9,"href":"https:\/\/principesdeparis.es\/principes\/wp-json\/wp\/v2\/posts\/11512\/revisions"}],"predecessor-version":[{"id":11522,"href":"https:\/\/principesdeparis.es\/principes\/wp-json\/wp\/v2\/posts\/11512\/revisions\/11522"}],"wp:featuredmedia":[{"embeddable":true,"href":"https:\/\/principesdeparis.es\/principes\/wp-json\/wp\/v2\/media\/11516"}],"wp:attachment":[{"href":"https:\/\/principesdeparis.es\/principes\/wp-json\/wp\/v2\/media?parent=11512"}],"wp:term":[{"taxonomy":"category","embeddable":true,"href":"https:\/\/principesdeparis.es\/principes\/wp-json\/wp\/v2\/categories?post=11512"},{"taxonomy":"post_tag","embeddable":true,"href":"https:\/\/principesdeparis.es\/principes\/wp-json\/wp\/v2\/tags?post=11512"}],"curies":[{"name":"wp","href":"https:\/\/api.w.org\/{rel}","templated":true}]}}