{"id":11523,"date":"2023-06-05T11:58:30","date_gmt":"2023-06-05T11:58:30","guid":{"rendered":"https:\/\/principesdeparis.es\/principes\/?p=11523"},"modified":"2023-06-05T11:58:30","modified_gmt":"2023-06-05T11:58:30","slug":"lluis-lopez-sin-destacar-puedo-ser-bastante-completo","status":"publish","type":"post","link":"https:\/\/principesdeparis.es\/principes\/lluis-lopez-sin-destacar-puedo-ser-bastante-completo\/","title":{"rendered":"Llu\u00eds L\u00f3pez: \u00abSin destacar, puedo ser bastante completo\u00bb"},"content":{"rendered":"<p style=\"text-align: center;\"><span style=\"color: #0000ff;\"><strong>Rueda de prensa Llu\u00eds L\u00f3pez en la que el central valora su renovaci\u00f3n hasta 2025 y su futuro.<\/strong><\/span><\/p>\n<p><strong>Renovaci\u00f3n:<\/strong> \u00abMe hac\u00eda especial ilusi\u00f3n seguir en este club tan especial para m\u00ed. Es algo ilusionante vivir esta experiencia tanto yo como mi familia. Ha sido una negociaci\u00f3n de mucho tiempo, de tres o cuatro meses, pero la intenci\u00f3n de ambos era seguir. Siempre he pensado en quedarme aqu\u00ed porque este segundo a\u00f1o ha sido muy bueno para m\u00ed\u00bb.<\/p>\n<p><strong>Objetivos:<\/strong> \u00abSiempre digo que estoy para mejorar y ayudar. El primer a\u00f1o fue complicado. Este he dado un paso adelante y los siguientes espero hacerlo mejor para seguir creciendo como profesional. En el Espanyol viv\u00ed muchas cosas. Aqu\u00ed he encontrado esos valores que identifican a la familia zaragocista. Soy un jugador que siempre intenta dar lo mejor de s\u00ed mismo. No destaco en una faceta en concreto pero puedo ser bastante completo y muy exigente conmigo mismo y con mis compa\u00f1eros\u00bb.<\/p>\n<p><strong>Balance y futuro:<\/strong> \u00abAl principio con Carcedo se trabajaba muy bien pero s\u00ed es verdad que los resultados nos e daban. Con Escrib\u00e1 se normaliz\u00f3 todo y se normalizaron las cosas con normalidad dentro del vestuario que se ha visto en la recta final. El ascenso es una categor\u00eda muy complicada, debemos ir paso a paso, llegar con energ\u00eda e ilusi\u00f3n en la pretemporada y seguir en el d\u00eda a d\u00eda\u00bb<\/p>\n<p><strong>Ilusi\u00f3n y ascenso:<\/strong> \u00abDesde el principio con la nueva propiedad se respira ilusi\u00f3n en general y se ha transmitido en el vestuario. Estoy <em>superiluisonado<\/em> pro empezar cuanto antes y pelear por estar arriba, pero con pausa porque la temporada ser\u00e1 dif\u00edcil y larga. Todos sabemos c\u00f3mo es esta categor\u00eda\u00bb.<\/p>\n<p><strong>Competencia con Jair y Franc\u00e9s.<\/strong> \u00abLa competencia, mientras sea sana, es buena para los jugadores y para el staff. Tenemos muy buena relaci\u00f3n los tres. Encajamos muy bien unos con otros. Nos permite seguir alerta para rendir al m\u00e1ximo y dar lo mejor al grupo\u00bb.<\/p>\n<p><strong>Fran Escrib\u00e1:<\/strong> \u00abMe ha transmitido mucha confianza y me lo ha demostrado porque he jugado mucho con \u00e9l. Ten\u00eda muy claro que quer\u00eda seguir aqu\u00ed con un proyecto que me motivaba, y con Fran todo ha sido m\u00e1s f\u00e1cil\u00bb.<\/p>\n<p><strong>Evoluci\u00f3n:<\/strong> \u00abTengo dos a\u00f1os m\u00e1s de experiencia y eso me hace mejor jugador. Desplazarme de Barcelona a Zaragoza ha siso una experiencia nueva y me ha venido bien desvincularme del club donde hab\u00eda estado tanto tiempo para seguir avanzando y mejorar\u00bb.<\/p>\n","protected":false},"excerpt":{"rendered":"<p>Rueda de prensa Llu\u00eds L\u00f3pez en la que el central valora su renovaci\u00f3n hasta 2025 y su futuro. Renovaci\u00f3n: \u00abMe hac\u00eda especial ilusi\u00f3n seguir en este club tan especial para m\u00ed. Es algo ilusionante vivir esta experiencia tanto yo como mi familia. Ha sido una negociaci\u00f3n de mucho tiempo, de <a class=\"read-more\" href=\"https:\/\/principesdeparis.es\/principes\/lluis-lopez-sin-destacar-puedo-ser-bastante-completo\/\">Sigue leyendo<\/a><\/p>\n","protected":false},"author":2,"featured_media":11525,"comment_status":"open","ping_status":"open","sticky":false,"template":"","format":"standard","meta":{"footnotes":""},"categories":[13,1],"tags":[],"class_list":["post-11523","post","type-post","status-publish","format-standard","has-post-thumbnail","hentry","category-publicidad","category-real-zaragoza"],"_links":{"self":[{"href":"https:\/\/principesdeparis.es\/principes\/wp-json\/wp\/v2\/posts\/11523","targetHints":{"allow":["GET"]}}],"collection":[{"href":"https:\/\/principesdeparis.es\/principes\/wp-json\/wp\/v2\/posts"}],"about":[{"href":"https:\/\/principesdeparis.es\/principes\/wp-json\/wp\/v2\/types\/post"}],"author":[{"embeddable":true,"href":"https:\/\/principesdeparis.es\/principes\/wp-json\/wp\/v2\/users\/2"}],"replies":[{"embeddable":true,"href":"https:\/\/principesdeparis.es\/principes\/wp-json\/wp\/v2\/comments?post=11523"}],"version-history":[{"count":2,"href":"https:\/\/principesdeparis.es\/principes\/wp-json\/wp\/v2\/posts\/11523\/revisions"}],"predecessor-version":[{"id":11526,"href":"https:\/\/principesdeparis.es\/principes\/wp-json\/wp\/v2\/posts\/11523\/revisions\/11526"}],"wp:featuredmedia":[{"embeddable":true,"href":"https:\/\/principesdeparis.es\/principes\/wp-json\/wp\/v2\/media\/11525"}],"wp:attachment":[{"href":"https:\/\/principesdeparis.es\/principes\/wp-json\/wp\/v2\/media?parent=11523"}],"wp:term":[{"taxonomy":"category","embeddable":true,"href":"https:\/\/principesdeparis.es\/principes\/wp-json\/wp\/v2\/categories?post=11523"},{"taxonomy":"post_tag","embeddable":true,"href":"https:\/\/principesdeparis.es\/principes\/wp-json\/wp\/v2\/tags?post=11523"}],"curies":[{"name":"wp","href":"https:\/\/api.w.org\/{rel}","templated":true}]}}