{"id":11527,"date":"2023-06-05T15:06:00","date_gmt":"2023-06-05T15:06:00","guid":{"rendered":"https:\/\/principesdeparis.es\/principes\/?p=11527"},"modified":"2023-06-05T15:06:00","modified_gmt":"2023-06-05T15:06:00","slug":"y-ahora-un-central-de-toda-la-vida","status":"publish","type":"post","link":"https:\/\/principesdeparis.es\/principes\/y-ahora-un-central-de-toda-la-vida\/","title":{"rendered":"Y ahora, un central de toda la vida"},"content":{"rendered":"<p style=\"text-align: center;\"><strong>La renovaci\u00f3n de Llu\u00eds L\u00f3pez abrocha el eje defensivo de las dos \u00faltimas temporadas con Franc\u00e9s y Jair, un cintur\u00f3n que concede poco, pero el equipo necesita mayor constancia y liderazgo<\/strong><\/p>\n<p>No le ha ido mal al Real Zaragoza con la trinidad formada por <strong>Jair, Franc\u00e9s<\/strong> y <strong>Llu\u00eds L\u00f3pez<\/strong>. Para salvarse, claro est\u00e1, y para formar sociedades m\u00e1s o menos solventes en las que el portugu\u00e9s casi siempre ha llevado el cetro de ese reino por su jerarqu\u00eda f\u00edsica. La renovaci\u00f3n por dos a\u00f1os del catal\u00e1n encaja en la pol\u00edtica econ\u00f3mica que marca el proyecto de <strong>Juan Carlos Cordero<\/strong> y en los m\u00e9ritos del futbolista por su rendimiento en el \u00faltimo curso. No es una mala operaci\u00f3n, aunque tampoco derrocha originalidad o un salto cualitativo asegurado. El defensa se distingue por su correcci\u00f3n en el juego a\u00e9reo, un relativo buen gusto por el bal\u00f3n y <strong>una concentraci\u00f3n intermitente que ha ido madurando con el tiempo<\/strong>. Aun as\u00ed, todav\u00eda tiene pendiente la velocidad de reacci\u00f3n y la reducci\u00f3n de ciertas lagunas frente al peligro. \u00abSoy un jugador que siempre intenta dar lo mejor de s\u00ed mismo. No destaco en una faceta en concreto pero puedo ser bastante completo y muy exigente conmigo mismo y con mis compa\u00f1eros\u00bb. Nadie se conoce mejor que uno mismo. L\u00f3pez es un buen complemento, un profesional comprometido y solidario. Est\u00e1 por ver qu\u00e9 lugar le tiene reservado <strong>Fran Escrib\u00e1<\/strong> en el escalaf\u00f3n defensivo.<\/p>\n<p>El pulso con <strong>Alejandro Franc\u00e9s<\/strong>, de principio, est\u00e1 asegurado despu\u00e9s de que el canterano rematara dos campa\u00f1as que le lanzaron a un estrellato quiz\u00e1s algo prematuro. Esta campa\u00f1a reci\u00e9n finalizada, el aragon\u00e9s, entre la lesi\u00f3n del codo y su irregularidad, ha estado a la sombra de un L\u00f3pez m\u00e1s competente. El internacional sub 21 <strong>deber\u00eda recuperar el nervio y la medici\u00f3n exacta entre virtudes y defectos que le hicieron sobresalir<\/strong> para recuperar al cien por cien la confianza del entrenador. Ambos son jugadores que no se pueden permitir un solo instante de descanso, de relajaci\u00f3n ni de suficiencia. Todo lo contrario sucede con <strong>Jair Amador<\/strong>, un atleta menos s\u00fatil pero bastante m\u00e1s resolutivo que sus compa\u00f1eros. El portugu\u00e9s mezcla bien con cualquiera porque <strong>adapta sus cualidades al ecosistema de todos los encuentros con un c\u00f3ctel muy equilibrado para Segunda: sencillez y eficacia<\/strong>. Esta categor\u00eda no necesita centrales que rompan l\u00edneas con conducciones ni que desplacen el bal\u00f3n con precisi\u00f3n suiza. Premia la rebaja de errores a la m\u00ednima expresi\u00f3n y la firmeza ininterrumpida y furiosa en el cuidado del \u00e1rea propia. Un cruce entre bulldog y pastor alem\u00e1n.<\/p>\n<p>Jair, que tambi\u00e9n fue renovado en marzo hasta el 2025 en una negociaci\u00f3n considerada como prioritaria por el director deportivo, cumplir\u00e1 34 a\u00f1os el pr\u00f3ximo mes de agosto, una edad con margen todav\u00eda para mostrar su mejor versi\u00f3n. Tambi\u00e9n para considerar que necesita administrar la carga de partidos despu\u00e9s de acumular 74 titularidades en las dos \u00faltimas temporadas, el jugador m\u00e1s utilizado de la plantilla por su trascendencia y su fortaleza. La prolongaci\u00f3n del contrato de Llu\u00eds L\u00f3pez cierra la posibilidad de una mayor renovaci\u00f3n en ese puesto con la confianza de que el de Manresa se consolide como fijo o alternativa aunque siempre como pieza de m\u00e1xima garant\u00eda. A esta terna, sin embargo, le <strong>falta un central de toda la vida, un jugador riguroso y que domine desde el liderazgo de sus acciones y sin altibajos a un Real Zaragoza que se sienta muy protegido<\/strong> si persigue estar entre los mejores al final del campeonato.<\/p>\n","protected":false},"excerpt":{"rendered":"<p>La renovaci\u00f3n de Llu\u00eds L\u00f3pez abrocha el eje defensivo de las dos \u00faltimas temporadas con Franc\u00e9s y Jair, un cintur\u00f3n que concede poco, pero el equipo necesita mayor constancia y liderazgo No le ha ido mal al Real Zaragoza con la trinidad formada por Jair, Franc\u00e9s y Llu\u00eds L\u00f3pez. Para <a class=\"read-more\" href=\"https:\/\/principesdeparis.es\/principes\/y-ahora-un-central-de-toda-la-vida\/\">Sigue leyendo<\/a><\/p>\n","protected":false},"author":2,"featured_media":11528,"comment_status":"open","ping_status":"open","sticky":false,"template":"","format":"standard","meta":{"footnotes":""},"categories":[13,1],"tags":[],"class_list":["post-11527","post","type-post","status-publish","format-standard","has-post-thumbnail","hentry","category-publicidad","category-real-zaragoza"],"_links":{"self":[{"href":"https:\/\/principesdeparis.es\/principes\/wp-json\/wp\/v2\/posts\/11527","targetHints":{"allow":["GET"]}}],"collection":[{"href":"https:\/\/principesdeparis.es\/principes\/wp-json\/wp\/v2\/posts"}],"about":[{"href":"https:\/\/principesdeparis.es\/principes\/wp-json\/wp\/v2\/types\/post"}],"author":[{"embeddable":true,"href":"https:\/\/principesdeparis.es\/principes\/wp-json\/wp\/v2\/users\/2"}],"replies":[{"embeddable":true,"href":"https:\/\/principesdeparis.es\/principes\/wp-json\/wp\/v2\/comments?post=11527"}],"version-history":[{"count":1,"href":"https:\/\/principesdeparis.es\/principes\/wp-json\/wp\/v2\/posts\/11527\/revisions"}],"predecessor-version":[{"id":11529,"href":"https:\/\/principesdeparis.es\/principes\/wp-json\/wp\/v2\/posts\/11527\/revisions\/11529"}],"wp:featuredmedia":[{"embeddable":true,"href":"https:\/\/principesdeparis.es\/principes\/wp-json\/wp\/v2\/media\/11528"}],"wp:attachment":[{"href":"https:\/\/principesdeparis.es\/principes\/wp-json\/wp\/v2\/media?parent=11527"}],"wp:term":[{"taxonomy":"category","embeddable":true,"href":"https:\/\/principesdeparis.es\/principes\/wp-json\/wp\/v2\/categories?post=11527"},{"taxonomy":"post_tag","embeddable":true,"href":"https:\/\/principesdeparis.es\/principes\/wp-json\/wp\/v2\/tags?post=11527"}],"curies":[{"name":"wp","href":"https:\/\/api.w.org\/{rel}","templated":true}]}}