{"id":11530,"date":"2023-06-07T11:30:43","date_gmt":"2023-06-07T11:30:43","guid":{"rendered":"https:\/\/principesdeparis.es\/principes\/?p=11530"},"modified":"2023-06-07T11:30:43","modified_gmt":"2023-06-07T11:30:43","slug":"cordero-y-el-real-zaragoza-como-segundo-plato","status":"publish","type":"post","link":"https:\/\/principesdeparis.es\/principes\/cordero-y-el-real-zaragoza-como-segundo-plato\/","title":{"rendered":"Cordero y el Real Zaragoza como segundo plato"},"content":{"rendered":"<p>La lista de jugadores con la que opera<strong> Juan Carlos Cordero<\/strong> para el proyecto de cara a la pr\u00f3xima temporada est\u00e1 colmada por un buen n\u00famero de jugadores. Pero, como viene ocurriendo desde que el Real Zaragoza cay\u00f3 a Segunda Divisi\u00f3n hace diez a\u00f1os, el actual director deportivo se est\u00e1 encontrado con uno de los grandes obst\u00e1culos al que debieron enfrentarse sus antecesores en el cargo: <strong>los futbolistas prioritarios de ese cat\u00e1logo con los que se ha contactado contemplan el inter\u00e9s del club y lo valoran, si bien lo hacen sin tenerlo en cuenta como primera opci\u00f3n.<\/strong> El ejecutivo y su grupo de trabajo, inmersos a toda m\u00e1quina en la confecci\u00f3n de la plantila, han mostrado su asombro con algunas de las respuestas recibidas por parte de los interesados o sus agencias de representaci\u00f3n, que han recogido las propuestas en este periodo de reflexi\u00f3n hasta que se abra el mercado de verano el 1 de julio comunicando que se hallan a la espera bien de una proposici\u00f3n de un equipo de Primera o de una mejor contrato que el sugerido desde Zaragoza. <strong>Ese estupor no se centra tanto en la l\u00f3gicas pretensiones de los profesionales tanteados, sino en que en gran medida se trata de jugadores de nivel medio<\/strong> aunque considerados como cualificados para el dise\u00f1o de un conjunto de grosor competitivo.<\/p>\n<p><strong>El caso de Rub\u00e9n Y\u00e1\u00f1ez<\/strong>, un portero cuya mayor participaci\u00f3n a sus 29 a\u00f1os se reduce a diez partidos en Primera con el Getafe y 29 con el reci\u00e9n descendido M\u00e1laga a 1\u00ba RFEF, es un ejemplo de este problema que amenaza con condicionar la planificaci\u00f3n. El guardameta rechaz\u00f3 la invitaci\u00f3n de Cordero y ha preferido la del Sporting. Existe un matiz en esta negativa puesto que Y\u00e1\u00f1ez ha valorado la posibilidad de que quedase en un segundo plano en La Romareda al <strong>enfrentarse en la disputa por el puesto con una leyenda local como Cristian \u00c1lvarez.<\/strong> En El Molin\u00f3n, de salida, le ofrecen la titularidad. En este limbo de negociaciones hasta que comiencen a oficializarse las contrataciones dentro de un mes, el Real Zaragoza se mueve adem\u00e1s en el terreno nada recomendable de<strong> saber cu\u00e1l ser\u00e1 el techo de su l\u00edmite salarial,<\/strong> lo que entorpece su margen de maniobra para igualar o superar en estos momentos pulsos con otros clubes. Su mayor o menor holgura financiera est\u00e1 pendiente de desprenderse de la carga econ\u00f3mica y los correspondientes finiquitos, como ya ha hecho con<strong> Larrazabal<\/strong> y<strong> Vada<\/strong>, de futbolistas con relaciones contractuales o cl\u00e1usulas en vigor y que no cuentan. En esa situaci\u00f3n se hallan<strong> Manu Molina, Eugeni, Sabin Merino, Igbekeme, Quinteros<\/strong> y <strong>Vigaray<\/strong>.<\/p>\n<p>Salvo un giro inesperado de los acontecimientos, focalizado en una improbable y amplificada disponibilidad econ\u00f3mica, Juan Carlos Cordero, como ya ha hecho en anteriores experiencias, deber\u00e1 <strong>utilizar como principal herramienta su capacidad de seducci\u00f3n para conseguir el mayor n\u00famero posible de los jugadores que ha se\u00f1alado en rojo en su proyecto<\/strong> de estar entre los mejores. Ni la legendaria historia del club ni su magn\u00edfica afici\u00f3n son valores que coticen al alza en esta atm\u00f3sfera contaminada por un escenario empobrecido por el peso de una d\u00e9cada de p\u00e9simas gestiones. Como se ha ido comprobando a lo largo de esta traves\u00eda por Segunda, <strong>el atractivo del Real Zaragoza ha sufrido una grave erosi\u00f3n,<\/strong> y el director deportivo, aunque lo ten\u00eda en cuenta, est\u00e1 impactando contra una realidad bastante m\u00e1s dura de la que esperaba, la de segundo plato. Su deseo de contar con futbolistas en propiedad y de c<strong>onstruir un equipo competente puede verse alterado en funci\u00f3n de si su habilidad profesional supera o no esa desoladora muralla<\/strong> que en su d\u00eda sortearon en situaciones muy delicadas <strong>\u00c1ngel Mart\u00edn Gonz\u00e1lez<\/strong> y<strong> Lalo Arantegui<\/strong> para alcanzar los playoffs en tres ocasiones.<\/p>\n<p><em>Foto: el Peri\u00f3dico de Arag\u00f3n<\/em><\/p>\n","protected":false},"excerpt":{"rendered":"<p>La lista de jugadores con la que opera Juan Carlos Cordero para el proyecto de cara a la pr\u00f3xima temporada est\u00e1 colmada por un buen n\u00famero de jugadores. Pero, como viene ocurriendo desde que el Real Zaragoza cay\u00f3 a Segunda Divisi\u00f3n hace diez a\u00f1os, el actual director deportivo se est\u00e1 <a class=\"read-more\" href=\"https:\/\/principesdeparis.es\/principes\/cordero-y-el-real-zaragoza-como-segundo-plato\/\">Sigue leyendo<\/a><\/p>\n","protected":false},"author":2,"featured_media":11532,"comment_status":"open","ping_status":"open","sticky":false,"template":"","format":"standard","meta":{"footnotes":""},"categories":[13,1],"tags":[],"class_list":["post-11530","post","type-post","status-publish","format-standard","has-post-thumbnail","hentry","category-publicidad","category-real-zaragoza"],"_links":{"self":[{"href":"https:\/\/principesdeparis.es\/principes\/wp-json\/wp\/v2\/posts\/11530","targetHints":{"allow":["GET"]}}],"collection":[{"href":"https:\/\/principesdeparis.es\/principes\/wp-json\/wp\/v2\/posts"}],"about":[{"href":"https:\/\/principesdeparis.es\/principes\/wp-json\/wp\/v2\/types\/post"}],"author":[{"embeddable":true,"href":"https:\/\/principesdeparis.es\/principes\/wp-json\/wp\/v2\/users\/2"}],"replies":[{"embeddable":true,"href":"https:\/\/principesdeparis.es\/principes\/wp-json\/wp\/v2\/comments?post=11530"}],"version-history":[{"count":2,"href":"https:\/\/principesdeparis.es\/principes\/wp-json\/wp\/v2\/posts\/11530\/revisions"}],"predecessor-version":[{"id":11533,"href":"https:\/\/principesdeparis.es\/principes\/wp-json\/wp\/v2\/posts\/11530\/revisions\/11533"}],"wp:featuredmedia":[{"embeddable":true,"href":"https:\/\/principesdeparis.es\/principes\/wp-json\/wp\/v2\/media\/11532"}],"wp:attachment":[{"href":"https:\/\/principesdeparis.es\/principes\/wp-json\/wp\/v2\/media?parent=11530"}],"wp:term":[{"taxonomy":"category","embeddable":true,"href":"https:\/\/principesdeparis.es\/principes\/wp-json\/wp\/v2\/categories?post=11530"},{"taxonomy":"post_tag","embeddable":true,"href":"https:\/\/principesdeparis.es\/principes\/wp-json\/wp\/v2\/tags?post=11530"}],"curies":[{"name":"wp","href":"https:\/\/api.w.org\/{rel}","templated":true}]}}