{"id":11534,"date":"2023-06-08T08:55:58","date_gmt":"2023-06-08T08:55:58","guid":{"rendered":"https:\/\/principesdeparis.es\/principes\/?p=11534"},"modified":"2023-06-08T08:55:58","modified_gmt":"2023-06-08T08:55:58","slug":"la-agonia-hasta-finales-de-agosto","status":"publish","type":"post","link":"https:\/\/principesdeparis.es\/principes\/la-agonia-hasta-finales-de-agosto\/","title":{"rendered":"La agon\u00eda, hasta finales de agosto"},"content":{"rendered":"<p>Fines de semana, adem\u00e1s de lunes y viernes, sin f\u00fatbol. Vamos, el que nos interesa a nosotros, porque la lucha por el ascenso no es un asunto que nos apetezca demasiado seguir con delectaci\u00f3n. Y aunque le tengamos mucho cari\u00f1o a Joaqu\u00edn por su trayectoria y simpat\u00eda, me toc\u00f3 el coraz\u00f3n ver a jugadores a quienes hab\u00eda transmitido partidos con un aspecto de personas mayores transitando a c\u00e1mara lenta como Benjam\u00edn o Denilson. Me alegr\u00f3 volver a ver a Toni Doblas y a Ricardo Oliveira, tambi\u00e9n maduros, o a Ra\u00fal y Morientes que aparentan un buen aspecto pero cuyos rostros tambi\u00e9n denuncian sus a\u00f1os. Incluso Jorge DAlessandro que jug\u00f3 de guardameta en el Salamanca en mis comienzos, colaborador desde hace tiempo con Jusep Pedrerol, que hizo el servicio militar en Zaragoza y estuvo a mi lado en los programas deportivos locales de la SER en tiempos del presidente Miguel Beltr\u00e1n.<\/p>\n<p>Volviendo a lo nuestro, al peregrinar por una Segunda Divisi\u00f3n tan maltratada medi\u00e1ticamente como injusta para la afici\u00f3n aragonesa, habr\u00e1 que esperar. Tenemos un director deportivo como es Cordero que nada tiene que ver con Torrecilla, que no se despidi\u00f3 de los zaragocistas, y a Fran Escrib\u00e1, un entrenador que conoce el club por dentro y no es un advenedizo como Carcedo y que se juega mucho en su etapa final como entrenador. De todas formas va a ser dif\u00edcil concretar una columna vertebral cuyos huesos sean tan duros como el acero y una serie de competidores por el puesto de titular que no act\u00faen como Alarc\u00f3n, Vada, Larraz\u00e1bal o Pape Gueye entre otros muchos de la plantilla anterior. Es decir, que la agon\u00eda llegar\u00e1 hasta finalizado el mes de agosto cuando se cierre el mercado de verano.<\/p>\n","protected":false},"excerpt":{"rendered":"<p>Fines de semana, adem\u00e1s de lunes y viernes, sin f\u00fatbol. Vamos, el que nos interesa a nosotros, porque la lucha por el ascenso no es un asunto que nos apetezca demasiado seguir con delectaci\u00f3n. Y aunque le tengamos mucho cari\u00f1o a Joaqu\u00edn por su trayectoria y simpat\u00eda, me toc\u00f3 el <a class=\"read-more\" href=\"https:\/\/principesdeparis.es\/principes\/la-agonia-hasta-finales-de-agosto\/\">Sigue leyendo<\/a><\/p>\n","protected":false},"author":3,"featured_media":11251,"comment_status":"open","ping_status":"open","sticky":false,"template":"","format":"standard","meta":{"footnotes":""},"categories":[16,13],"tags":[],"class_list":["post-11534","post","type-post","status-publish","format-standard","has-post-thumbnail","hentry","category-el10","category-publicidad"],"_links":{"self":[{"href":"https:\/\/principesdeparis.es\/principes\/wp-json\/wp\/v2\/posts\/11534","targetHints":{"allow":["GET"]}}],"collection":[{"href":"https:\/\/principesdeparis.es\/principes\/wp-json\/wp\/v2\/posts"}],"about":[{"href":"https:\/\/principesdeparis.es\/principes\/wp-json\/wp\/v2\/types\/post"}],"author":[{"embeddable":true,"href":"https:\/\/principesdeparis.es\/principes\/wp-json\/wp\/v2\/users\/3"}],"replies":[{"embeddable":true,"href":"https:\/\/principesdeparis.es\/principes\/wp-json\/wp\/v2\/comments?post=11534"}],"version-history":[{"count":1,"href":"https:\/\/principesdeparis.es\/principes\/wp-json\/wp\/v2\/posts\/11534\/revisions"}],"predecessor-version":[{"id":11535,"href":"https:\/\/principesdeparis.es\/principes\/wp-json\/wp\/v2\/posts\/11534\/revisions\/11535"}],"wp:featuredmedia":[{"embeddable":true,"href":"https:\/\/principesdeparis.es\/principes\/wp-json\/wp\/v2\/media\/11251"}],"wp:attachment":[{"href":"https:\/\/principesdeparis.es\/principes\/wp-json\/wp\/v2\/media?parent=11534"}],"wp:term":[{"taxonomy":"category","embeddable":true,"href":"https:\/\/principesdeparis.es\/principes\/wp-json\/wp\/v2\/categories?post=11534"},{"taxonomy":"post_tag","embeddable":true,"href":"https:\/\/principesdeparis.es\/principes\/wp-json\/wp\/v2\/tags?post=11534"}],"curies":[{"name":"wp","href":"https:\/\/api.w.org\/{rel}","templated":true}]}}