{"id":11560,"date":"2023-06-13T18:58:12","date_gmt":"2023-06-13T18:58:12","guid":{"rendered":"https:\/\/principesdeparis.es\/principes\/?p=11560"},"modified":"2023-06-13T21:44:04","modified_gmt":"2023-06-13T21:44:04","slug":"maikel-mesa-busca-su-lugar-en-zaragoza","status":"publish","type":"post","link":"https:\/\/principesdeparis.es\/principes\/maikel-mesa-busca-su-lugar-en-zaragoza\/","title":{"rendered":"Maikel Mesa busca su lugar en Zaragoza"},"content":{"rendered":"<p style=\"text-align: center;\"><strong>El centrocampista tinerfe\u00f1o, de 32 a\u00f1os y una carrera de trotamundos con calidad pero lejos del rol de titular, ficha por el conjunto aragon\u00e9s para las dos pr\u00f3ximas temporadas<\/strong><\/p>\n<p>Maikel Mesa (3 de mayo de 1991, Santa Cruz de Tenerife) ser\u00e1 jugador del Real Zaragoza para los pr\u00f3ximos dos temporadas y se convertir\u00e1 en el primer fichaje de Juan Carlos Cordero de cara al nuevo proyecto del conjunto aragon\u00e9s, una planificaci\u00f3n basada en la contrataci\u00f3n de futbolistas con experiencia en la categor\u00eda que a\u00fan puedan aportar, adem\u00e1s de veteran\u00eda y calidad, una buena dosis de implicaci\u00f3n profesional. El polivante centrocampista, de 32 a\u00f1os, llega a La Romareda tras haber finalizado su contrato con el Albacete, la \u00faltima y m\u00e1s destacada estaci\u00f3n de su carrera de trotamundos por Segunda Divisi\u00f3n. En el conjunto manchego hall\u00f3 con Rub\u00e9n Alves una titularidad que se le hab\u00eda negado en la mayor\u00eda de sus experiencias en otros clubs, salvo en sus cesiones por parte de Osasuna al Mirand\u00e9s para coincidir con Eguaras en el eje creativo del equipo jabato y con Pablo Alfaro en el banquillo, y en el N\u00e1stic de Tarragona, donde despunt\u00f3 por una de sus principales caracter\u00edsticas, su facilidad para atacar el \u00e1rea por sorpresa y golear. Sus ocho tantos, los mismos que ha firmado este curso en tierras manchegas adem\u00e1s de res asistencias en 41 partidos oficiales para colaborar en la clasificaci\u00f3n del Alba para los playoffs, hicieron que la UD Las Palmas lo fichar\u00e1 por cuatro a\u00f1os sin que consiguiera asentarse en el once.<\/p>\n<p>El mediocentro se form\u00f3 en las categor\u00edas inferiores del CD La Laguna y en la temporada 2012-2013 ingres\u00f3 en el Osasuna B. Tras un a\u00f1o en el filial rojillo debut\u00f3 con el primer equipo en LaLiga frente al Real Madrid en el Bernab\u00e9u, su \u00fanico contacto con la \u00e9lite. El canario sal\u00ed\u00f3 a pr\u00e9stamo en la campa\u00f1a 2014-2015 al Racing de Ferrol, de Segunda B, en el mercado de invierno. La temporada siguiente defendi\u00f3 los intereses del CD Mirand\u00e9s como cedido hasta que firm\u00f3 en el N\u00e1stic de Tarragona. Ya en Las Palmas, cont\u00f3 con la confianza de los exzaragocistas Manolo Jim\u00e9nez y Paco Herrera, pero no as\u00ed con la de Pepe Mel, tercer entrenador de un ejercicio convulso para los amarillos. Mesa tuvo que aceptar una nueva cesi\u00f3n, en esta ocasi\u00f3n en direcci\u00f3n al Carlos Belmonte. Su gol de penalti en el minuto 89 de la \u00faltima jornada en el Carranza frente al C\u00e1diz (0-1) le elev\u00f3 a la categor\u00eda de h\u00e9roe local ya que supuso la salvaci\u00f3n de la escuadra que dirig\u00eda Lucas Alcaraz, relevo de Ramis. De regreso al Gran Canaria, ni Pepe Mel ni Garc\u00eda Pimienta le dieron un lugar entre los habituales, por lo que la temporada pasada puso fin a su etapa en la isla y, con la carta de libertad bajo el brazo, se comprometi\u00f3 con el Albacete. Su explosi\u00f3n en el Belmonte como uno de los mejores jugadores en su posici\u00f3n descorch\u00f3 sobre todo el inter\u00e9s del Tenerife y del Real Zaragoza, que finalmente se ha hecho con sus servicios.<\/p>\n<p>Maikel Mesa no deja indiferente a casi nadie. Su f\u00edsico, su zancada, su don como llegador y finalizador, una notable lectura posicional y de criterio con el bal\u00f3n y su agudo olfato para relacionarse con el gol bien desde el centro de operaciones del campo y present\u00e1ndose por sorpresa, son sus principales valores. La pregunta es por qu\u00e9 no ha logrado ganarse por completo las simpat\u00edas de la mayor\u00eda de sus t\u00e9cnicos. La respuesta es que se trata de un profesional que necesita el ecosistema ideal para expresarse y, sobre todo, sentirse l\u00edder y querido por el equipo que le reclame, algo que no ha ocurrido con asiduidad. En el Real Zaragoza, el tinerfe\u00f1o busca su lugar en su madurez deportiva.<\/p>\n<blockquote class=\"twitter-tweet\">\n<p lang=\"es\" dir=\"ltr\">\u00a1Bienvenido, Maikel Mesa! &#x1f499;<\/p>\n<p>&#x1f517;<a href=\"https:\/\/t.co\/cXpiMPAWTW\">https:\/\/t.co\/cXpiMPAWTW<\/a><a href=\"https:\/\/twitter.com\/hashtag\/BienvenidoMaikel?src=hash&amp;ref_src=twsrc%5Etfw\">#BienvenidoMaikel<\/a> &#x1f981; <a href=\"https:\/\/t.co\/6Gy8P60tVL\">pic.twitter.com\/6Gy8P60tVL<\/a><\/p>\n<p>&mdash; Real Zaragoza &#x1f981; (@RealZaragoza) <a href=\"https:\/\/twitter.com\/RealZaragoza\/status\/1668675149564919810?ref_src=twsrc%5Etfw\">June 13, 2023<\/a><\/p><\/blockquote>\n<p> <script async src=\"https:\/\/platform.twitter.com\/widgets.js\" charset=\"utf-8\"><\/script><\/p>\n","protected":false},"excerpt":{"rendered":"<p>El centrocampista tinerfe\u00f1o, de 32 a\u00f1os y una carrera de trotamundos con calidad pero lejos del rol de titular, ficha por el conjunto aragon\u00e9s para las dos pr\u00f3ximas temporadas Maikel Mesa (3 de mayo de 1991, Santa Cruz de Tenerife) ser\u00e1 jugador del Real Zaragoza para los pr\u00f3ximos dos temporadas <a class=\"read-more\" href=\"https:\/\/principesdeparis.es\/principes\/maikel-mesa-busca-su-lugar-en-zaragoza\/\">Sigue leyendo<\/a><\/p>\n","protected":false},"author":2,"featured_media":11561,"comment_status":"open","ping_status":"open","sticky":false,"template":"","format":"standard","meta":{"footnotes":""},"categories":[13,1],"tags":[],"class_list":["post-11560","post","type-post","status-publish","format-standard","has-post-thumbnail","hentry","category-publicidad","category-real-zaragoza"],"_links":{"self":[{"href":"https:\/\/principesdeparis.es\/principes\/wp-json\/wp\/v2\/posts\/11560","targetHints":{"allow":["GET"]}}],"collection":[{"href":"https:\/\/principesdeparis.es\/principes\/wp-json\/wp\/v2\/posts"}],"about":[{"href":"https:\/\/principesdeparis.es\/principes\/wp-json\/wp\/v2\/types\/post"}],"author":[{"embeddable":true,"href":"https:\/\/principesdeparis.es\/principes\/wp-json\/wp\/v2\/users\/2"}],"replies":[{"embeddable":true,"href":"https:\/\/principesdeparis.es\/principes\/wp-json\/wp\/v2\/comments?post=11560"}],"version-history":[{"count":2,"href":"https:\/\/principesdeparis.es\/principes\/wp-json\/wp\/v2\/posts\/11560\/revisions"}],"predecessor-version":[{"id":11563,"href":"https:\/\/principesdeparis.es\/principes\/wp-json\/wp\/v2\/posts\/11560\/revisions\/11563"}],"wp:featuredmedia":[{"embeddable":true,"href":"https:\/\/principesdeparis.es\/principes\/wp-json\/wp\/v2\/media\/11561"}],"wp:attachment":[{"href":"https:\/\/principesdeparis.es\/principes\/wp-json\/wp\/v2\/media?parent=11560"}],"wp:term":[{"taxonomy":"category","embeddable":true,"href":"https:\/\/principesdeparis.es\/principes\/wp-json\/wp\/v2\/categories?post=11560"},{"taxonomy":"post_tag","embeddable":true,"href":"https:\/\/principesdeparis.es\/principes\/wp-json\/wp\/v2\/tags?post=11560"}],"curies":[{"name":"wp","href":"https:\/\/api.w.org\/{rel}","templated":true}]}}