{"id":11564,"date":"2023-06-14T10:31:06","date_gmt":"2023-06-14T10:31:06","guid":{"rendered":"https:\/\/principesdeparis.es\/principes\/?p=11564"},"modified":"2023-06-14T11:00:29","modified_gmt":"2023-06-14T11:00:29","slug":"frances-no-estara-en-el-europeo-sub-21","status":"publish","type":"post","link":"https:\/\/principesdeparis.es\/principes\/frances-no-estara-en-el-europeo-sub-21\/","title":{"rendered":"Franc\u00e9s no estar\u00e1 en el Europeo sub 21"},"content":{"rendered":"<p>El seleccionador espa\u00f1ol, Santi D\u00e9nia, no ha incluido al zaragocista Alejandro Franc\u00e9s en la lista definitiva de 23 jugadores que disputar\u00e1n el pr\u00f3ximo Europeo sub 21 que se disputar\u00e1 en Georgia y Ruman\u00eda del 21 de junio al 8 julio, donde el combinado nacional buscar\u00e1 su sexto t\u00edtulo. Por el camino se ver\u00e1 las caras en el grupo B con una de las anfitrionas, <strong>Ruman\u00eda<\/strong>\u00a0el 21 de junio para posteriormente enfrentarse a\u00a0<strong>Croacia<\/strong>\u00a0el d\u00eda 24 y a\u00a0<strong>Ucrania<\/strong> el d\u00eda 27. El central del conjunto aragon\u00e9s hab\u00eda desaparecido de las convocatorias en las \u00faltimas citaciones como consecuencia de una lesi\u00f3n y de su irregular rendimiento con su club durante la temporada, pero lleg\u00f3\u00a0 a tiempo para estar entre los elegidos por el t\u00e9cnico para el \u00faltimo encuentro de preparaci\u00f3n ante M\u00e9xico que se saldo con empate a un tanto. Sin embargo, el zaragozano se ha ca\u00eddo en la criba final al igual que Miguel Guti\u00e9rrez, Nico Gonz\u00e1lez y Juanmi Latasa. Franc\u00e9s, por lo tanto, comenzar\u00e1 la pretemporada con el Real Zaragoza el lunes 3 de julio.<\/p>\n<blockquote class=\"twitter-tweet\">\n<p dir=\"ltr\" lang=\"und\">&#x26bd;<\/p>\n<p>\u00a1\u00a1 !!<\/p>\n<p>Es\u1d1b\u1d0fs s\u1d0f\u0274 \u029f\u1d0fs \u1d07\u029f\u1d07\u0262\u026a\u1d05\u1d0fs \u1d18\u1d0f\u0280 S\u1d00\u0274\u1d1b\u026a D\u1d07\u0274\u026a\u1d00 \u1d18\u1d00\u0280\u1d00 \u0280\u1d07\u1d18\u0280\u1d07s\u1d07\u0274\u1d1b\u1d00\u0280 \u1d00 Es\u1d18\u1d00\u0274\u0303\u1d00 \u1d07\u0274 \u1d07\u029f <a href=\"https:\/\/twitter.com\/hashtag\/U21EURO?src=hash&amp;ref_src=twsrc%5Etfw\">#U21EURO<\/a>.<a href=\"https:\/\/twitter.com\/hashtag\/APorElSexto?src=hash&amp;ref_src=twsrc%5Etfw\">#APorElSexto<\/a> <a href=\"https:\/\/t.co\/oveZW1wRPk\">pic.twitter.com\/oveZW1wRPk<\/a><\/p>\n<p>\u2014 Selecci\u00f3n Espa\u00f1ola de F\u00fatbol (@SEFutbol) <a href=\"https:\/\/twitter.com\/SEFutbol\/status\/1668928545282727940?ref_src=twsrc%5Etfw\">June 14, 2023<\/a><\/p><\/blockquote>\n<p><script async src=\"https:\/\/platform.twitter.com\/widgets.js\" charset=\"utf-8\"><\/script><\/p>\n","protected":false},"excerpt":{"rendered":"<p>El seleccionador espa\u00f1ol, Santi D\u00e9nia, no ha incluido al zaragocista Alejandro Franc\u00e9s en la lista definitiva de 23 jugadores que disputar\u00e1n el pr\u00f3ximo Europeo sub 21 que se disputar\u00e1 en Georgia y Ruman\u00eda del 21 de junio al 8 julio, donde el combinado nacional buscar\u00e1 su sexto t\u00edtulo. Por el <a class=\"read-more\" href=\"https:\/\/principesdeparis.es\/principes\/frances-no-estara-en-el-europeo-sub-21\/\">Sigue leyendo<\/a><\/p>\n","protected":false},"author":2,"featured_media":11565,"comment_status":"open","ping_status":"open","sticky":false,"template":"","format":"standard","meta":{"footnotes":""},"categories":[13,1],"tags":[],"class_list":["post-11564","post","type-post","status-publish","format-standard","has-post-thumbnail","hentry","category-publicidad","category-real-zaragoza"],"_links":{"self":[{"href":"https:\/\/principesdeparis.es\/principes\/wp-json\/wp\/v2\/posts\/11564","targetHints":{"allow":["GET"]}}],"collection":[{"href":"https:\/\/principesdeparis.es\/principes\/wp-json\/wp\/v2\/posts"}],"about":[{"href":"https:\/\/principesdeparis.es\/principes\/wp-json\/wp\/v2\/types\/post"}],"author":[{"embeddable":true,"href":"https:\/\/principesdeparis.es\/principes\/wp-json\/wp\/v2\/users\/2"}],"replies":[{"embeddable":true,"href":"https:\/\/principesdeparis.es\/principes\/wp-json\/wp\/v2\/comments?post=11564"}],"version-history":[{"count":8,"href":"https:\/\/principesdeparis.es\/principes\/wp-json\/wp\/v2\/posts\/11564\/revisions"}],"predecessor-version":[{"id":11573,"href":"https:\/\/principesdeparis.es\/principes\/wp-json\/wp\/v2\/posts\/11564\/revisions\/11573"}],"wp:featuredmedia":[{"embeddable":true,"href":"https:\/\/principesdeparis.es\/principes\/wp-json\/wp\/v2\/media\/11565"}],"wp:attachment":[{"href":"https:\/\/principesdeparis.es\/principes\/wp-json\/wp\/v2\/media?parent=11564"}],"wp:term":[{"taxonomy":"category","embeddable":true,"href":"https:\/\/principesdeparis.es\/principes\/wp-json\/wp\/v2\/categories?post=11564"},{"taxonomy":"post_tag","embeddable":true,"href":"https:\/\/principesdeparis.es\/principes\/wp-json\/wp\/v2\/tags?post=11564"}],"curies":[{"name":"wp","href":"https:\/\/api.w.org\/{rel}","templated":true}]}}