{"id":11574,"date":"2023-06-15T10:03:36","date_gmt":"2023-06-15T10:03:36","guid":{"rendered":"https:\/\/principesdeparis.es\/principes\/?p=11574"},"modified":"2023-06-15T10:28:53","modified_gmt":"2023-06-15T10:28:53","slug":"ya-solo-falta-uno","status":"publish","type":"post","link":"https:\/\/principesdeparis.es\/principes\/ya-solo-falta-uno\/","title":{"rendered":"Ya s\u00f3lo falta uno"},"content":{"rendered":"<p>El deseo de Juan Carlos Cordero de contar con tres porteros en la primera plantilla se va haciendo realidad poco a poco. La apuesta por Y\u00e1\u00f1ez no pudo ser al rechazar el guardameta de Blanes la oferta del director deportivo por considerar que sus posibilidades de ser titular eran remotas con Cristian \u00c1lvarez por delante (\u00abNo pudo luchar contra un mito\u00bb, dijo Miguel Pardeza preguntado por su marcha del Real Madrid de la Quinta del Buitre). El arquero prefiri\u00f3 otro destino, el Sporting, donde el puesto en el once lo tiene asegurado tras firmar Mari\u00f1o por el Almer\u00eda.\u00a0 Sin embargo, el ejecutivo ha visto c\u00f3mo Dani Rebollo s\u00ed\u00a0 ha aceptado la propuesta para formar parte de ese tri\u00e1ngulo con un acuerdo por dos temporadas m\u00e1s, hasta 2025. El onubense, que lleg\u00f3 del filial del Betis con un compromiso de una campa\u00f1a m\u00e1s tres opcionales, ten\u00eda sus reservas para prologar el contrato que expiraba en 2023, ya que la idea de Cordero es que combine el primer equipo con el Deportivo Arag\u00f3n, donde este a\u00f1o ha colaborado para que el conjunto de Emilio Larraz se mantenga en Segunda RFEF. Rebollo debut\u00f3 con el Real Zaragoza casi por petici\u00f3n popular tras la crisis abierta con la lesi\u00f3n de Cristian y el rechazo de la grada hacia Rat\u00f3n, que en principio fue su relevo en cuatro partidos de los seis que el argentino estuvo en la enfermer\u00eda. Escrib\u00e1, para evitar m\u00e1s presiones, le dio el encuentro contra el Huesca en La Romareda, con victoria por 3-0) y sigui\u00f3 en la porter\u00eda en la derrota ante el Legan\u00e9s en Butarque por 2-1, dos citas en las que dej\u00f3 un buen sabor de boca.<\/p>\n<blockquote class=\"twitter-tweet\">\n<p dir=\"ltr\" lang=\"es\">Dani Rebollo renueva con el Real Zaragoza hasta 2025<\/p>\n<p>&#x1f517; <a href=\"https:\/\/t.co\/JeFAgwybi6\">https:\/\/t.co\/JeFAgwybi6<\/a> <a href=\"https:\/\/twitter.com\/hashtag\/Rebollo2025?src=hash&amp;ref_src=twsrc%5Etfw\">#Rebollo2025<\/a> &#x1f981; <a href=\"https:\/\/t.co\/angZa83e5A\">pic.twitter.com\/angZa83e5A<\/a><\/p>\n<p>\u2014 Real Zaragoza &#x1f981; (@RealZaragoza) <a href=\"https:\/\/twitter.com\/RealZaragoza\/status\/1669276063644393474?ref_src=twsrc%5Etfw\">June 15, 2023<\/a><\/p><\/blockquote>\n<p><script async src=\"https:\/\/platform.twitter.com\/widgets.js\" charset=\"utf-8\"><\/script><\/p>\n","protected":false},"excerpt":{"rendered":"<p>El deseo de Juan Carlos Cordero de contar con tres porteros en la primera plantilla se va haciendo realidad poco a poco. La apuesta por Y\u00e1\u00f1ez no pudo ser al rechazar el guardameta de Blanes la oferta del director deportivo por considerar que sus posibilidades de ser titular eran remotas <a class=\"read-more\" href=\"https:\/\/principesdeparis.es\/principes\/ya-solo-falta-uno\/\">Sigue leyendo<\/a><\/p>\n","protected":false},"author":2,"featured_media":11575,"comment_status":"open","ping_status":"open","sticky":false,"template":"","format":"standard","meta":{"footnotes":""},"categories":[13,1],"tags":[],"class_list":["post-11574","post","type-post","status-publish","format-standard","has-post-thumbnail","hentry","category-publicidad","category-real-zaragoza"],"_links":{"self":[{"href":"https:\/\/principesdeparis.es\/principes\/wp-json\/wp\/v2\/posts\/11574","targetHints":{"allow":["GET"]}}],"collection":[{"href":"https:\/\/principesdeparis.es\/principes\/wp-json\/wp\/v2\/posts"}],"about":[{"href":"https:\/\/principesdeparis.es\/principes\/wp-json\/wp\/v2\/types\/post"}],"author":[{"embeddable":true,"href":"https:\/\/principesdeparis.es\/principes\/wp-json\/wp\/v2\/users\/2"}],"replies":[{"embeddable":true,"href":"https:\/\/principesdeparis.es\/principes\/wp-json\/wp\/v2\/comments?post=11574"}],"version-history":[{"count":7,"href":"https:\/\/principesdeparis.es\/principes\/wp-json\/wp\/v2\/posts\/11574\/revisions"}],"predecessor-version":[{"id":11582,"href":"https:\/\/principesdeparis.es\/principes\/wp-json\/wp\/v2\/posts\/11574\/revisions\/11582"}],"wp:featuredmedia":[{"embeddable":true,"href":"https:\/\/principesdeparis.es\/principes\/wp-json\/wp\/v2\/media\/11575"}],"wp:attachment":[{"href":"https:\/\/principesdeparis.es\/principes\/wp-json\/wp\/v2\/media?parent=11574"}],"wp:term":[{"taxonomy":"category","embeddable":true,"href":"https:\/\/principesdeparis.es\/principes\/wp-json\/wp\/v2\/categories?post=11574"},{"taxonomy":"post_tag","embeddable":true,"href":"https:\/\/principesdeparis.es\/principes\/wp-json\/wp\/v2\/tags?post=11574"}],"curies":[{"name":"wp","href":"https:\/\/api.w.org\/{rel}","templated":true}]}}