{"id":11583,"date":"2023-06-15T15:04:06","date_gmt":"2023-06-15T15:04:06","guid":{"rendered":"https:\/\/principesdeparis.es\/principes\/?p=11583"},"modified":"2023-06-15T15:04:06","modified_gmt":"2023-06-15T15:04:06","slug":"la-tranquilidad-y-el-apellido-mesa","status":"publish","type":"post","link":"https:\/\/principesdeparis.es\/principes\/la-tranquilidad-y-el-apellido-mesa\/","title":{"rendered":"La tranquilidad y el apellido Mesa"},"content":{"rendered":"<p>Finalmente, con la camiseta del Albacete, el Real Zaragoza hizo oficial el fichaje de Maikel Mesa. Aunque hasta el 1 de julio no se vincular\u00e1 contractualmente al equipo aragon\u00e9s era necesario confirmar lo que ya era p\u00fablico. Un v\u00eddeo donde se dirige durante unos segundos a la afici\u00f3n blanquilla es lo que ha sellado una primera sensaci\u00f3n de tranquilidad en el p\u00fablico que tambi\u00e9n espera ver cerradas las negociaciones pol\u00edticas para saber con seguridad si comienzan las obras de La Romareda en el plazo previsto. Pero quiero volver al apellido \u00abMesa\u00bb que me hace regresar a mis primeros tiempos como periodista deportivo donde clubes como el Sporting de Gij\u00f3n tuvieron un crecimiento formidable y una ca\u00edda terrible, mayor incluso que la del equipo ma\u00f1o.<\/p>\n<p>Los m\u00e1s veteranos recordar\u00e1n los a\u00f1os setenta del siglo pasado una alineaci\u00f3n formidable: Castro; Redondo, Rezza, Doria, Cundi; Joaqu\u00edn, Mesa; Mor\u00e1n, Quini y Churruca. Una vez fueron subcampeones de Liga y dos de Copa, con un traspaso formidable del club asturiano al FC Barcelona con el que triunf\u00f3 el ya fallecido goleador gijon\u00e9s. Que no disfrut\u00f3 de Zaragoza como se merec\u00eda al ser secuestrado en marzo de 1981 por unos delincuentes que le mantuvieron veinticinco d\u00edas en un zulo bajo un taller de una calle de la capital aragonesa.<\/p>\n<p>Pero yo les iba a hablar de Manolo Mesa, gaditano del equipo rojiblanco, que siempre me hizo gracia por sus largos cabellos, barba y aspecto de \u00ab\u00f1u\u00bb, un ant\u00edlope de complexi\u00f3n pesada y con unos cuartos delanteros parecidos a los de una vaca. Por entonces eran comunes los reportajes sobre ellos cuando cruzaban un r\u00edo y significaban un fest\u00edn para los cocodrilos. Como tambi\u00e9n para leones, guepardos o hienas. Lo siento, siempre recordar\u00e9 con ese mote a Mesa que tambi\u00e9n abraz\u00f3 la pol\u00edtica local con el PSOE sin \u00e9xito y ahora disfruta de su jubilaci\u00f3n.<\/p>\n","protected":false},"excerpt":{"rendered":"<p>Finalmente, con la camiseta del Albacete, el Real Zaragoza hizo oficial el fichaje de Maikel Mesa. Aunque hasta el 1 de julio no se vincular\u00e1 contractualmente al equipo aragon\u00e9s era necesario confirmar lo que ya era p\u00fablico. Un v\u00eddeo donde se dirige durante unos segundos a la afici\u00f3n blanquilla es <a class=\"read-more\" href=\"https:\/\/principesdeparis.es\/principes\/la-tranquilidad-y-el-apellido-mesa\/\">Sigue leyendo<\/a><\/p>\n","protected":false},"author":2,"featured_media":11251,"comment_status":"open","ping_status":"open","sticky":false,"template":"","format":"standard","meta":{"footnotes":""},"categories":[16,13],"tags":[],"class_list":["post-11583","post","type-post","status-publish","format-standard","has-post-thumbnail","hentry","category-el10","category-publicidad"],"_links":{"self":[{"href":"https:\/\/principesdeparis.es\/principes\/wp-json\/wp\/v2\/posts\/11583","targetHints":{"allow":["GET"]}}],"collection":[{"href":"https:\/\/principesdeparis.es\/principes\/wp-json\/wp\/v2\/posts"}],"about":[{"href":"https:\/\/principesdeparis.es\/principes\/wp-json\/wp\/v2\/types\/post"}],"author":[{"embeddable":true,"href":"https:\/\/principesdeparis.es\/principes\/wp-json\/wp\/v2\/users\/2"}],"replies":[{"embeddable":true,"href":"https:\/\/principesdeparis.es\/principes\/wp-json\/wp\/v2\/comments?post=11583"}],"version-history":[{"count":1,"href":"https:\/\/principesdeparis.es\/principes\/wp-json\/wp\/v2\/posts\/11583\/revisions"}],"predecessor-version":[{"id":11584,"href":"https:\/\/principesdeparis.es\/principes\/wp-json\/wp\/v2\/posts\/11583\/revisions\/11584"}],"wp:featuredmedia":[{"embeddable":true,"href":"https:\/\/principesdeparis.es\/principes\/wp-json\/wp\/v2\/media\/11251"}],"wp:attachment":[{"href":"https:\/\/principesdeparis.es\/principes\/wp-json\/wp\/v2\/media?parent=11583"}],"wp:term":[{"taxonomy":"category","embeddable":true,"href":"https:\/\/principesdeparis.es\/principes\/wp-json\/wp\/v2\/categories?post=11583"},{"taxonomy":"post_tag","embeddable":true,"href":"https:\/\/principesdeparis.es\/principes\/wp-json\/wp\/v2\/tags?post=11583"}],"curies":[{"name":"wp","href":"https:\/\/api.w.org\/{rel}","templated":true}]}}