{"id":11585,"date":"2023-06-15T18:25:08","date_gmt":"2023-06-15T18:25:08","guid":{"rendered":"https:\/\/principesdeparis.es\/principes\/?p=11585"},"modified":"2023-06-15T18:25:08","modified_gmt":"2023-06-15T18:25:08","slug":"un-consejero-del-real-zaragoza-vamos-a-gastar-lo-justo","status":"publish","type":"post","link":"https:\/\/principesdeparis.es\/principes\/un-consejero-del-real-zaragoza-vamos-a-gastar-lo-justo\/","title":{"rendered":"Un consejero del Real Zaragoza: \u00abVamos a gastar lo justo\u00bb"},"content":{"rendered":"<p>Un consejero del Real Zaragoza ha redescubierto cu\u00e1l es la pol\u00edtica de empresa de la multipropiedad al menos durante la pr\u00f3xima temporada. Pr\u00edncipes de Par\u00eds ha tenido acceso a una conversaci\u00f3n del representante del club en la que manifiesta que el proyecto estar\u00e1 sujeto a una inversi\u00f3n moderada en las nuevas contrataciones al margen del techo salarial que imponga la Liga de F\u00fatbol Profesional. \u00abVamos a gastar lo justo\u00bb, ha comentado en relaci\u00f3n a las intenciones del grupo que preside Jorge Mas. \u00abLa idea es tener una temporada tranquila y estar lo m\u00e1s cerca posible de la parte alta de la clasificaci\u00f3n en la recta final para intentar alcanzar la sexta plaza\u00bb. La l\u00ednea establecida por Juan Carlos Cordero para reconstruir el vestuario una vez que se hayan producido las bajas que negocia (Eugeni, Vada, Vigaray, Quinteros, Manu Molina, Igbekeme y Sabin Merino) confirma esta hoja de ruta que, en principio, no contempla un asalto sincero al ascenso o la promoci\u00f3n.<\/p>\n<p>Por el momento, el \u00fanico fichaje que se ha concretado ha sido el del centrocampista Maikel Mesa, quien llega libre del Albacete con 32 a\u00f1os. La figura de este futbolista escenifica a la perfecci\u00f3n al menos el cincuenta por ciento del plan previsto por Cordero, consistente en adquirir profesionales en su madurez profesional y con experiencia en la categor\u00eda por los que no haya que desembolsar un solo euro en calidad de traspaso. La idea, como ya rese\u00f1\u00f3 el ejecutivo en rueda de prensa, se centra en contar el con mayor n\u00famero de jugadores en propiedad que cumplan con esos requisitos, y considerar, por supuesto, las ventajas de las sinergias para ali\u00f1ar el equipo con j\u00f3venes con proyecci\u00f3n y que tampoco supondr\u00edan desembolsos en el marco de las cesiones (la cantera del Atl\u00e9tico vuelve a ganar fuerza). Con dos meses por delante para completar el mercado de verano, adem\u00e1s del fichaje de Mesa se han firmado las renovaciones de Llu\u00eds L\u00f3pez y de Dani Rebollo, inversiones comedidas por lo ya conocido.<\/p>\n<p>La agenda de Cordero est\u00e1 colmada de un sinf\u00edn de nombres que van saliendo a la luz con m\u00e1s o menos inter\u00e9s y aproximaci\u00f3n en las ofertas. No obstante, todo lo que implique hacer frente a cantidades fuera del estrecho cauce establecido, ser\u00e1n descartadas de inmediato o se establecer\u00e1, como es com\u00fan en este fatigoso y largo bazar, un periodo de espera por si surgiera una rebaja de pretensiones. Se busca rearmar una plantilla que sume m\u00e1s calidad f\u00edsica y talento, pero en funci\u00f3n de esa rigurosas condiciones econ\u00f3micas que se admiten desde el interior de la entidad, el m\u00e1ximo acierto del director deportivo en su trabajo ser\u00e1 la clave en la confecci\u00f3n de un grupo competitivo. La repesca de Beb\u00e9 y la de Giuliano &#8211;incluso la de Mollejo si el Atl\u00e9tico quiere desprenderse de una considerable parte de su ficha&#8211; son imposibles. La mirada, sin descartar nada desde la atalaya de la paciencia, est\u00e1 puesta en otros objetivos que engarcen la necesidad deportiva con las posibilidades financieras. Gastando lo justo seg\u00fan el consejero, y aspirando a estar al acecho de la sexta plaza por si se alinean las estrellas a bajo costo y sonr\u00eden los resultados.<\/p>\n","protected":false},"excerpt":{"rendered":"<p>Un consejero del Real Zaragoza ha redescubierto cu\u00e1l es la pol\u00edtica de empresa de la multipropiedad al menos durante la pr\u00f3xima temporada. Pr\u00edncipes de Par\u00eds ha tenido acceso a una conversaci\u00f3n del representante del club en la que manifiesta que el proyecto estar\u00e1 sujeto a una inversi\u00f3n moderada en las <a class=\"read-more\" href=\"https:\/\/principesdeparis.es\/principes\/un-consejero-del-real-zaragoza-vamos-a-gastar-lo-justo\/\">Sigue leyendo<\/a><\/p>\n","protected":false},"author":2,"featured_media":11586,"comment_status":"open","ping_status":"open","sticky":false,"template":"","format":"standard","meta":{"footnotes":""},"categories":[13,1],"tags":[],"class_list":["post-11585","post","type-post","status-publish","format-standard","has-post-thumbnail","hentry","category-publicidad","category-real-zaragoza"],"_links":{"self":[{"href":"https:\/\/principesdeparis.es\/principes\/wp-json\/wp\/v2\/posts\/11585","targetHints":{"allow":["GET"]}}],"collection":[{"href":"https:\/\/principesdeparis.es\/principes\/wp-json\/wp\/v2\/posts"}],"about":[{"href":"https:\/\/principesdeparis.es\/principes\/wp-json\/wp\/v2\/types\/post"}],"author":[{"embeddable":true,"href":"https:\/\/principesdeparis.es\/principes\/wp-json\/wp\/v2\/users\/2"}],"replies":[{"embeddable":true,"href":"https:\/\/principesdeparis.es\/principes\/wp-json\/wp\/v2\/comments?post=11585"}],"version-history":[{"count":1,"href":"https:\/\/principesdeparis.es\/principes\/wp-json\/wp\/v2\/posts\/11585\/revisions"}],"predecessor-version":[{"id":11587,"href":"https:\/\/principesdeparis.es\/principes\/wp-json\/wp\/v2\/posts\/11585\/revisions\/11587"}],"wp:featuredmedia":[{"embeddable":true,"href":"https:\/\/principesdeparis.es\/principes\/wp-json\/wp\/v2\/media\/11586"}],"wp:attachment":[{"href":"https:\/\/principesdeparis.es\/principes\/wp-json\/wp\/v2\/media?parent=11585"}],"wp:term":[{"taxonomy":"category","embeddable":true,"href":"https:\/\/principesdeparis.es\/principes\/wp-json\/wp\/v2\/categories?post=11585"},{"taxonomy":"post_tag","embeddable":true,"href":"https:\/\/principesdeparis.es\/principes\/wp-json\/wp\/v2\/tags?post=11585"}],"curies":[{"name":"wp","href":"https:\/\/api.w.org\/{rel}","templated":true}]}}