{"id":11594,"date":"2023-06-18T15:01:36","date_gmt":"2023-06-18T15:01:36","guid":{"rendered":"https:\/\/principesdeparis.es\/principes\/?p=11594"},"modified":"2023-06-18T15:14:03","modified_gmt":"2023-06-18T15:14:03","slug":"el-kv-ostende-confirma-que-gueye-pertenece-al-inter-de-miami","status":"publish","type":"post","link":"https:\/\/principesdeparis.es\/principes\/el-kv-ostende-confirma-que-gueye-pertenece-al-inter-de-miami\/","title":{"rendered":"El KV Ostende confirma que Gueye pertenece al Inter de Miami"},"content":{"rendered":"<p>Makhtar Gueye, delantero senegal\u00e9s que esta temporada ha jugado en calidad de cedido en el Real Zaragoza, pertenece al Inter de Miami, club que se responsabiliz\u00f3 de facilitar econ\u00f3mica y deportivamente su fichaje por el conjunto aragon\u00e9s con un compromiso de adquisici\u00f3n del futbolista. As\u00ed lo ha confirmado hoy en su p\u00e1gina web el KV Oostende, club del que lleg\u00f3 a pr\u00e9stamo al Real Zaragoza con una cl\u00e1usula obligatoria de compra de tres millones de euros en caso de ascenso y que en su p\u00e1gina web, en el apartado dedicado a la pretemporada, indica que Gueye termina contrato y que su destino es el club de Florida. Al no subir a Primera, el atacante africano integra la n\u00f3mina de jugadores del equipo estadounidense que milita en la Major League Soccer (MLS) cuyo presidente es David Beckam con Jorge Mas, presidente del Real Zaragoza, como director ejecutivo y propietario de la entidad.<\/p>\n<p>Como ya adelant\u00f3 Pr\u00edncipes de Par\u00eds, \u00a0en el paquete de condiciones de la contrataci\u00f3n del senegal\u00e9s se estableci\u00f3 la compra del delantero africano como principal requisito al margen de cu\u00e1l fuera el lugar de la clasificaci\u00f3n que lograra el Real Zaragoza una vez finalizada la temporada. En el mercado de invierno se sonde\u00f3 la posibilidad de deshacerse de la vinculaci\u00f3n con el futbolista de Dakar una vez comprobado su baj\u00edsimo nivel profesional, pero la direcci\u00f3n deportiva se encontr\u00f3 con el obst\u00e1culo insalvable del compromiso firmado por el grupo inversor,\u00a0 quien aval\u00f3 el acuerdo con el benepl\u00e1cito de Ra\u00fal Sanlleh\u00ed y por encima de la figura de Miguel Torrecilla en una negociaci\u00f3n directa con el KV Oostende.\u00a0 La multipropiedad de la que el Real Zaragoza forma parte, una vez que Juan Carlos Cordero y Fran Escrib\u00e1 rechazaron de cuajo la continuidad del futbolista, tendr\u00e1 ahora que responsabilizarse de ubicar al delantero.<\/p>\n<p><a href=\"https:\/\/kvo.be\/maandag-eerste-training\/\">Informaci\u00f3n de la web del KV Oostende<\/a><\/p>\n<p><em>Estos jugadores dejan el club: Fin de contrato:<br \/>\n<\/em>Guillaume Hubert, Brecht Capon (se retira del f\u00fatbol), Evan Patoulidis, Indy Boonen, Cameron McGeehan, Preben Stiers.<br \/>\n<strong>Fin del alquiler<\/strong>: Dillon Phillips, Mateo Barac, Osaze Urhoghide, Pierre Dwomoh, Kelvin Arase, Fraser Hornby.<br \/>\n<strong>Alquilado (con opci\u00f3n de compra en enero):<\/strong>\u00a0Kyle Duncan<br \/>\n<strong>Opci\u00f3n de compra obligatoria por Zaragoza\/Miami<\/strong>: Makhtar Gueye<\/p>\n<p><em>Foto: el Peri\u00f3dico de Arag\u00f3n<\/em><\/p>\n","protected":false},"excerpt":{"rendered":"<p>Makhtar Gueye, delantero senegal\u00e9s que esta temporada ha jugado en calidad de cedido en el Real Zaragoza, pertenece al Inter de Miami, club que se responsabiliz\u00f3 de facilitar econ\u00f3mica y deportivamente su fichaje por el conjunto aragon\u00e9s con un compromiso de adquisici\u00f3n del futbolista. As\u00ed lo ha confirmado hoy en <a class=\"read-more\" href=\"https:\/\/principesdeparis.es\/principes\/el-kv-ostende-confirma-que-gueye-pertenece-al-inter-de-miami\/\">Sigue leyendo<\/a><\/p>\n","protected":false},"author":2,"featured_media":11595,"comment_status":"open","ping_status":"open","sticky":false,"template":"","format":"standard","meta":{"footnotes":""},"categories":[13,1],"tags":[],"class_list":["post-11594","post","type-post","status-publish","format-standard","has-post-thumbnail","hentry","category-publicidad","category-real-zaragoza"],"_links":{"self":[{"href":"https:\/\/principesdeparis.es\/principes\/wp-json\/wp\/v2\/posts\/11594","targetHints":{"allow":["GET"]}}],"collection":[{"href":"https:\/\/principesdeparis.es\/principes\/wp-json\/wp\/v2\/posts"}],"about":[{"href":"https:\/\/principesdeparis.es\/principes\/wp-json\/wp\/v2\/types\/post"}],"author":[{"embeddable":true,"href":"https:\/\/principesdeparis.es\/principes\/wp-json\/wp\/v2\/users\/2"}],"replies":[{"embeddable":true,"href":"https:\/\/principesdeparis.es\/principes\/wp-json\/wp\/v2\/comments?post=11594"}],"version-history":[{"count":5,"href":"https:\/\/principesdeparis.es\/principes\/wp-json\/wp\/v2\/posts\/11594\/revisions"}],"predecessor-version":[{"id":11600,"href":"https:\/\/principesdeparis.es\/principes\/wp-json\/wp\/v2\/posts\/11594\/revisions\/11600"}],"wp:featuredmedia":[{"embeddable":true,"href":"https:\/\/principesdeparis.es\/principes\/wp-json\/wp\/v2\/media\/11595"}],"wp:attachment":[{"href":"https:\/\/principesdeparis.es\/principes\/wp-json\/wp\/v2\/media?parent=11594"}],"wp:term":[{"taxonomy":"category","embeddable":true,"href":"https:\/\/principesdeparis.es\/principes\/wp-json\/wp\/v2\/categories?post=11594"},{"taxonomy":"post_tag","embeddable":true,"href":"https:\/\/principesdeparis.es\/principes\/wp-json\/wp\/v2\/tags?post=11594"}],"curies":[{"name":"wp","href":"https:\/\/api.w.org\/{rel}","templated":true}]}}