{"id":11603,"date":"2023-06-20T08:41:15","date_gmt":"2023-06-20T08:41:15","guid":{"rendered":"https:\/\/principesdeparis.es\/principes\/?p=11603"},"modified":"2023-06-20T08:59:44","modified_gmt":"2023-06-20T08:59:44","slug":"a-punto-de-viajar-a-ottawa-hoy-se-cumplen-siete-anos-del-espectacular-regreso-de-zapater","status":"publish","type":"post","link":"https:\/\/principesdeparis.es\/principes\/a-punto-de-viajar-a-ottawa-hoy-se-cumplen-siete-anos-del-espectacular-regreso-de-zapater\/","title":{"rendered":"A punto de viajar a Ottawa, hoy se cumplen siete a\u00f1os del espectacular regreso de Zapater"},"content":{"rendered":"<p>Le ha podido el gusanillo por seguir jugando, por conocer otro f\u00fatbol, otras latitudes, otra cultura. El Atl\u00e9tico Ottawa, con un cuerpo t\u00e9cnico espa\u00f1ol que le quiere en el equipo, ha sido el que ha llamado con m\u00e1s insistencia e inter\u00e9s a su puerta y la familia Zapater ya est\u00e1 haciendo las maletas para sumar, a partir de este domingo, una nueva experiencia en el ocaso de la carrera de Alberto, quien asume el reto con la ilusi\u00f3n deportiva del infantil que lleg\u00f3 de Ejea a la Ciudad Deportiva. Le da igual el fr\u00edo que le espera en Canad\u00e1 (ya se abrig\u00f3 y blind\u00f3 contra todo tipo de inclemencias en Mosc\u00fa), los campos de hierba artificial, una competici\u00f3n en marcha a la que se incorporar\u00e1 a primeros de julio. A sus espaldas deja una despedida \u00fanica de su Real Zaragoza, un grandiosa reuni\u00f3n de emociones y agradecimientos como nunca se hab\u00eda visto en este club de mitos y leyendas. Hoy se cumplen siete a\u00f1os de su presentaci\u00f3n en La Romareda, de vuelta de un enriquecedor y duro exilio internacional, del infierno f\u00edsico. Aquel 20 de junio de 2016 en el que dijo no ser el Mes\u00edas, aunque se lo pareciera tanto a la afici\u00f3n que ahora le ve irse de nuevo con m\u00e1s cicatrices pero el mismo esp\u00edritu de una persona verdadera que quiere dar a la vida, ni m\u00e1s ni menos, otro sorbo de felicidad.<\/p>\n<p><strong>TEXTO PUBLICADO EL 20 DE JUNIO DE 2016<\/strong><\/p>\n<p>No es el Mes\u00edas, pero se le parece<\/p>\n<p>Alberto Zapater es recibido como un \u00eddolo por m\u00e1s de 5.000 aficionados que desbordan su ilusi\u00f3n con el ejeano<\/p>\n<p><em>Alfonso Hern\u00e1ndez<\/em><\/p>\n<p>\u00abNo soy el Mes\u00edas ni prometo el ascenso a Primera. Lo que aseguro es que voy a darlo todo, a competir. Entiendo lo que significo para la afici\u00f3n, pero yo me siento uno m\u00e1s. Un equipo lo hace una plantilla, no un solo futbolista, y sab\u00e9is que no digo un t\u00f3pico. Para m\u00ed esto es un sue\u00f1o, un ilusi\u00f3n que ahora me la puedo permitir\u00bb. Alberto Zapater se sent\u00f3 por primera vez en su carrera para ofrecer una rueda de prensa como nuevo futbolista del Real Zaragoza y, con su oratoria sencilla pero directa al coraz\u00f3n, dej\u00f3 muy claro que entiende el protagonismo que ha alcanzado, aunque delega en la directiva el calado de la trascendencia que le quiera otorgar. \u00abNo soy Messi. Llego con m\u00e1s experiencia, con un par de hijos y sabiendo lo que quiero vivir, pero dispuesto para luchar en cada partido como merece el Real Zaragoza\u00bb.<\/p>\n<p>Lo que ni \u00e9l mismo puede negarse es que se parece mucho a un Mes\u00edas, por lo menos para los m\u00e1s de 5.000 aficionados que se congregaron en La Romareda para recibirle en un espect\u00e1culo in\u00e9dito en los \u00faltimos diez a\u00f1os, desde la pueste en largo de Pablo Aimar en el 2006. Zapater pis\u00f3 el c\u00e9sped del Municipal y la grada estall\u00f3 como si hubiera aterrizado una estrella de nivel mundial. C\u00e1nticos, gritos, s\u00faplicas y un torrente de cari\u00f1o que no ces\u00f3 durante casi una hora. Para esta hinchada, todav\u00eda con el alma partida en dos tras el fiasco de Palam\u00f3s, el centrocampista de Ejea de los Caballeros es un astro. Se lo hizo saber con demostraciones de todo tipo. \u00abZapater te quiero\u00bb y \u00abVolveremos a Primera\u00bb atronaron en el santuario zaragocista. El efecto que pretend\u00eda la directiva con su fichaje ha desbordado todas las previsiones en esta tarde calurosa, entra\u00f1able y emocionante. Posiblemente, en la historia de la entidad s\u00f3lo el recibimiento a Caf\u00fa en 1994 tras proclamarse campe\u00f3n del mundo con Brasil tuvo semejante o superior impacto. Entones por el glamour del personaje; hoy, \u00abporque eres uno de los nuestros!\u00bb, le recordaron con insistencia. \u00ab\u00a1Compromiso, Alberto, queremos compromiso!\u00bb.<\/p>\n<p>\u00abLas ilusi\u00f3n hay que venderla con hechos\u00bb. Ni una fisura en sus palabras para la galer\u00eda. Rocoso en su ternura natural, el futbolista agradeci\u00f3 a todas las personas que le han ayudado a escapar del infierno f\u00edsico que sufri\u00f3 con su lesi\u00f3n de pubis y posteriores complicaciones, entre ellos al preparador Andr\u00e9s Ubieto, y tambi\u00e9n la comprensi\u00f3n y la discreci\u00f3n con que se ha llevado su recuperaci\u00f3n en la capital aragonesa. \u00abLlevo mucho tiempo entren\u00e1ndome en Zaragoza y lo hac\u00eda con la intenci\u00f3n de jugar en Primera. La gente me preguntaba por la calle y yo, que ya sab\u00e9is como soy, a todo el mundo le respond\u00eda lo mismo, sin esconderme. Estoy muy bien\u00bb. Est\u00e1 tan en forma, dice, que se neg\u00f3 a realizar prueba alguna en la pretemporada. \u00abAlberto se comprometi\u00f3 con nosotros antes de saber qui\u00e9n iba a ser el entrenador\u00bb, aclar\u00f3 Narc\u00ecs Juli\u00e0, que estuvo junto a \u00e9l en la sala.<\/p>\n<p>Firm\u00f3 aut\u00f3grafos en todo tipo de soportes, bufandas, balones, m\u00f3viles, retratos suyos, camisetas&#8230; Regal\u00f3 pelotas y, descarado, se hizo un selfie con todo la afici\u00f3n detr\u00e1s, euf\u00f3rica y desatada por haber recuperado a un jugador en el que se reconoce y a quien admira. \u00abNo quiero irme de vacaciones, quiero entrenarme\u00bb. P\u00fablico de todas las edades, distintas generaciones, padres con sus hijos y abuelos con sus nietos. La Romareda ha sido una aut\u00e9ntica fiesta pese a la proximidad del mayor de los golpes. Qu\u00e9 m\u00e1s da, el Mes\u00edas se paseaba junto a ellos por la hierba en todo su esplendor (\u00abPonerme la camiseta del Zaragoza cada d\u00eda es un regalo\u00bb), as\u00ed, tan fresco, tan aut\u00e9ntico, tan aragon\u00e9s. Sin saber Zapater que andaba sobre las aguas de la esperanza zaragocista\u00bb.<\/p>\n<p><em>Foto: Jaime Galindo (el Peri\u00f3dico de Arag\u00f3n)<\/em><\/p>\n","protected":false},"excerpt":{"rendered":"<p>Le ha podido el gusanillo por seguir jugando, por conocer otro f\u00fatbol, otras latitudes, otra cultura. El Atl\u00e9tico Ottawa, con un cuerpo t\u00e9cnico espa\u00f1ol que le quiere en el equipo, ha sido el que ha llamado con m\u00e1s insistencia e inter\u00e9s a su puerta y la familia Zapater ya est\u00e1 <a class=\"read-more\" href=\"https:\/\/principesdeparis.es\/principes\/a-punto-de-viajar-a-ottawa-hoy-se-cumplen-siete-anos-del-espectacular-regreso-de-zapater\/\">Sigue leyendo<\/a><\/p>\n","protected":false},"author":2,"featured_media":11604,"comment_status":"open","ping_status":"open","sticky":false,"template":"","format":"standard","meta":{"footnotes":""},"categories":[13,1],"tags":[],"class_list":["post-11603","post","type-post","status-publish","format-standard","has-post-thumbnail","hentry","category-publicidad","category-real-zaragoza"],"_links":{"self":[{"href":"https:\/\/principesdeparis.es\/principes\/wp-json\/wp\/v2\/posts\/11603","targetHints":{"allow":["GET"]}}],"collection":[{"href":"https:\/\/principesdeparis.es\/principes\/wp-json\/wp\/v2\/posts"}],"about":[{"href":"https:\/\/principesdeparis.es\/principes\/wp-json\/wp\/v2\/types\/post"}],"author":[{"embeddable":true,"href":"https:\/\/principesdeparis.es\/principes\/wp-json\/wp\/v2\/users\/2"}],"replies":[{"embeddable":true,"href":"https:\/\/principesdeparis.es\/principes\/wp-json\/wp\/v2\/comments?post=11603"}],"version-history":[{"count":2,"href":"https:\/\/principesdeparis.es\/principes\/wp-json\/wp\/v2\/posts\/11603\/revisions"}],"predecessor-version":[{"id":11606,"href":"https:\/\/principesdeparis.es\/principes\/wp-json\/wp\/v2\/posts\/11603\/revisions\/11606"}],"wp:featuredmedia":[{"embeddable":true,"href":"https:\/\/principesdeparis.es\/principes\/wp-json\/wp\/v2\/media\/11604"}],"wp:attachment":[{"href":"https:\/\/principesdeparis.es\/principes\/wp-json\/wp\/v2\/media?parent=11603"}],"wp:term":[{"taxonomy":"category","embeddable":true,"href":"https:\/\/principesdeparis.es\/principes\/wp-json\/wp\/v2\/categories?post=11603"},{"taxonomy":"post_tag","embeddable":true,"href":"https:\/\/principesdeparis.es\/principes\/wp-json\/wp\/v2\/tags?post=11603"}],"curies":[{"name":"wp","href":"https:\/\/api.w.org\/{rel}","templated":true}]}}