{"id":11607,"date":"2023-06-21T10:11:38","date_gmt":"2023-06-21T10:11:38","guid":{"rendered":"https:\/\/principesdeparis.es\/principes\/?p=11607"},"modified":"2023-06-21T16:35:48","modified_gmt":"2023-06-21T16:35:48","slug":"cordero-se-lanza-al-ataque","status":"publish","type":"post","link":"https:\/\/principesdeparis.es\/principes\/cordero-se-lanza-al-ataque\/","title":{"rendered":"Cordero se lanza al ataque"},"content":{"rendered":"<p style=\"text-align: left;\"><strong>La mayor\u00eda de los nombres de jugadores que ha trascendido para el futuro Real Zaragoza se centra en delanteros y extremos, tambi\u00e9n con especial atenci\u00f3n a un centro del campo donde ya se ha concretado el fichaje de Maikel Mesa, el \u00fanico hasta el momento<\/strong><\/p>\n<p>En estas fechas, los futbolistas que incitan inter\u00e9s para reforzar los clubes de Segunda inundan un mercado desatado en negociaciones pero a\u00fan muy tierno en acuerdos definitivos. Con m\u00e1s de dos meses por delante, hierve esta ventana que se cerrar\u00e1 el 31 de agosto, con la competici\u00f3n ya en marcha. La prensa local ha ofrecido el nombre de al menos 20 futbolistas futuribles que desvelan cu\u00e1les son <strong>las prioridades de Juan Carlos Cordero<\/strong> en una plantilla que el director deportivo tiene que reconstruir. En esa hoja de ruta prima la juventud, las cesiones y la necesidad de dotar al equipo de lo que ha carecido durante las tres \u00faltimas temporadas, explosividad y soluciones ofensivas y sobre todo gol a nivel individual o colectivo. De este primer borrador es seguro que ir\u00e1n saliendo y entrando profesionales, algunos aut\u00e9nticos e imposibles objetos del deseo por su nivel, los condicionantes econ\u00f3micos o sus aspiraciones a los que, sin embargo, el ejecutivo no renuncia a la espera de un verano muy largo.<\/p>\n<p>La porter\u00eda, donde Cordero quiere disponer de tres guardametas con<strong> Cristian<\/strong> a la cabeza y el renovado <strong>Rebollo<\/strong> en el papel de tercera hombre una vez m\u00e1s, ha desatado una peque\u00f1a tormenta en busca de un segundo que pueda competir con el argentino. Con<strong> Rub\u00e9n Ya\u00f1\u00e9z<\/strong> descartado tras elegir el Sporting, donde le ofrecen la titularidad, el abanico de aspirantes abarca desde el iran\u00ed <strong>Amir Abedzadeh<\/strong>, de la Ponferradina, al brasile\u00f1o <strong>Daniel Fuzato<\/strong>, con un a\u00f1o m\u00e1s a\u00fan con el Ibiza. Por<strong> \u00c1lex Dom\u00ednguez,<\/strong> Las Palmas, tambi\u00e9n ha hecho un seguimiento. En defensa es, por ahora, donde menos ruido se escucha. Las renovaciones de G<strong>\u00e1mez, Jair y Llu\u00eds L\u00f3pez<\/strong> han dejado en un aparente segundo plano esta l\u00ednea que sin embargo clama un central titular como m\u00ednimo al margen de que Franc\u00e9s est\u00e9 o no en un hipot\u00e9tico escaparate de venta. En esa posici\u00f3n, s\u00ed se ha producido una aproximaci\u00f3n por el internacional uruguayo <strong>Santiago Mouri\u00f1o<\/strong>, adquirido por el Atl\u00e9tico y a quien Simeone quiere ver en la pretemporada antes de que, casi con absoluta seguridad, salga a pr\u00e9stamo con bastantes pretendientes a la expectativa. <strong>Nieto<\/strong>, despu\u00e9s de una final de temporada notable y una propuesta de renovaci\u00f3n sobre la mesa, volver\u00e1 a tener competencia. El Real Zaragoza se ha volcado muy en serio con <strong>Cristian Guti\u00e9rrez<\/strong>, lateral de largo recorrido al que el M\u00e1laga, pese a su descenso a Primera RFEF y su debilidad negociadora, no piensa dejar salir a cualquier precio. Antes se cayeron las alternativas de <strong>Pablo P\u00e9rez<\/strong> (Sevilla Atl\u00e9tico) y <strong>Diego Tasende<\/strong> (Villarreal B)<\/p>\n<p>Es en ataque donde se est\u00e1 volcando Cordero mientras no abandona otras posiciones que quedar\u00e1n cojas en cuanto pacte las salidas que tiene pendientes. <strong>Manu Vallejo<\/strong> e<strong> Iv\u00e1n Romero<\/strong>, dos delanteros con buena aclimataci\u00f3n a los extremos en caso de exigencia del gui\u00f3n, son dos aspiraciones de altura del ejecutivo, que ya los llev\u00f3 al C\u00e1diz y el Tenerife respectivamente. El primero, propiedad del Girona, aspira a jugar en la \u00e9lite, mientras que Mendilibar quiere ver al punta del Sevilla tras su brillante paso por el Tenerife, con una nueva cesi\u00f3n en el horizonte como soluci\u00f3n m\u00e1s que factible. El hispanoargentino <strong>Juan Cruz<\/strong>, la perla del Betis que sufri\u00f3 una importante lesi\u00f3n en el semitendinoso del isquiotibial de la pierna izquierda que frustr\u00f3 su progresi\u00f3n en el mes de noviembre, es otro de los sue\u00f1os que se barajan, aunque en principio Pellegrini lo quiere a su lado el pr\u00f3ximo curso. La alternativa que va ganando fuerza para liderar el frente zaragocista es <strong>Carlos Mart\u00edn,<\/strong> quien a sus 21 a\u00f1os ha sobresalido con 20 tantos como Pichichi de la categor\u00eda en el ascenso del filial del Atl\u00e9tico a Primera RFEF. La huella de Giuliano ha sido profunda y la sinergias favorecen que este polivalente atacante pueda acabar en La Romareda.<\/p>\n<p>Selladas las opciones con <strong>Dani Ojeda<\/strong>, ya en el Burgos, y la de <strong>Josan<\/strong>, que seguir\u00e1 en el Elche, la direcci\u00f3n deportiva ha sondeado a futbolistas que le den verticalidad atacante por fuera. El veterano <strong>Borja Valle<\/strong> ha sido uno de ellos, as\u00ed como <strong>Jordi Mboula<\/strong>, jugador del Mallorca a pr\u00e9stamo el pasado curso en el Racing. <strong>\u00c1lex Gallar<\/strong>, agitador en tres cuartos, <strong>Nigel Thomas<\/strong>, extremo holand\u00e9s del Pa\u00e7os de Ferreira portugu\u00e9s, o <strong>Juan Carlos<\/strong>, del Huesca tambi\u00e9n ocupan su lugar en la ampl\u00edsima agenda de Cordero, que no desatiende la medular. Confirmado el fichaje de Maikel Mesa, el \u00fanico hasta la fecha, <strong>Jordan Holsgrove<\/strong>, mediocentro escoc\u00e9s del Pa\u00e7os de Ferreira, <strong>Toni Moya<\/strong>, que acaba contrato con el reci\u00e9n ascendido Alav\u00e9s, y <strong>Aleix Febas<\/strong>, con el Albacete como principal, competidor, est\u00e1n dentro de un cat\u00e1logo al que se ir\u00e1n sumando m\u00e1s futbolistas pretendidos por un Juan Carlos Cordero que tiene puesto el ojo y la dedicaci\u00f3n, dentro de sus posibilidades y limitaciones, en la diana ofensiva.<\/p>\n<p>(Este reportaje recoge informaciones publicadas en el Peri\u00f3dico de Arag\u00f3n, Heraldo de Arag\u00f3n, Sportaragon, Marca, As y El Desmarque.<\/p>\n","protected":false},"excerpt":{"rendered":"<p>La mayor\u00eda de los nombres de jugadores que ha trascendido para el futuro Real Zaragoza se centra en delanteros y extremos, tambi\u00e9n con especial atenci\u00f3n a un centro del campo donde ya se ha concretado el fichaje de Maikel Mesa, el \u00fanico hasta el momento En estas fechas, los futbolistas <a class=\"read-more\" href=\"https:\/\/principesdeparis.es\/principes\/cordero-se-lanza-al-ataque\/\">Sigue leyendo<\/a><\/p>\n","protected":false},"author":2,"featured_media":11608,"comment_status":"open","ping_status":"open","sticky":false,"template":"","format":"standard","meta":{"footnotes":""},"categories":[13,1],"tags":[],"class_list":["post-11607","post","type-post","status-publish","format-standard","has-post-thumbnail","hentry","category-publicidad","category-real-zaragoza"],"_links":{"self":[{"href":"https:\/\/principesdeparis.es\/principes\/wp-json\/wp\/v2\/posts\/11607","targetHints":{"allow":["GET"]}}],"collection":[{"href":"https:\/\/principesdeparis.es\/principes\/wp-json\/wp\/v2\/posts"}],"about":[{"href":"https:\/\/principesdeparis.es\/principes\/wp-json\/wp\/v2\/types\/post"}],"author":[{"embeddable":true,"href":"https:\/\/principesdeparis.es\/principes\/wp-json\/wp\/v2\/users\/2"}],"replies":[{"embeddable":true,"href":"https:\/\/principesdeparis.es\/principes\/wp-json\/wp\/v2\/comments?post=11607"}],"version-history":[{"count":4,"href":"https:\/\/principesdeparis.es\/principes\/wp-json\/wp\/v2\/posts\/11607\/revisions"}],"predecessor-version":[{"id":11612,"href":"https:\/\/principesdeparis.es\/principes\/wp-json\/wp\/v2\/posts\/11607\/revisions\/11612"}],"wp:featuredmedia":[{"embeddable":true,"href":"https:\/\/principesdeparis.es\/principes\/wp-json\/wp\/v2\/media\/11608"}],"wp:attachment":[{"href":"https:\/\/principesdeparis.es\/principes\/wp-json\/wp\/v2\/media?parent=11607"}],"wp:term":[{"taxonomy":"category","embeddable":true,"href":"https:\/\/principesdeparis.es\/principes\/wp-json\/wp\/v2\/categories?post=11607"},{"taxonomy":"post_tag","embeddable":true,"href":"https:\/\/principesdeparis.es\/principes\/wp-json\/wp\/v2\/tags?post=11607"}],"curies":[{"name":"wp","href":"https:\/\/api.w.org\/{rel}","templated":true}]}}