{"id":11658,"date":"2023-06-28T12:57:15","date_gmt":"2023-06-28T12:57:15","guid":{"rendered":"https:\/\/principesdeparis.es\/principes\/?p=11658"},"modified":"2023-09-02T13:19:17","modified_gmt":"2023-09-02T13:19:17","slug":"todos-los-fichajes-del-mercado-de-segunda","status":"publish","type":"post","link":"https:\/\/principesdeparis.es\/principes\/todos-los-fichajes-del-mercado-de-segunda\/","title":{"rendered":"El Real Zaragoza brilla en el mercado de verano"},"content":{"rendered":"<p>Juan Carlos Cordero, director deportivo del Real Zaragoza, ha edificado una plantilla que infunde respeto a los adversarios e ilusiona\u00a0 su afici\u00f3n. Todos los puestos quedan doblados, con un centro del campo renovado casi por completo y un buen pu\u00f1ado de delanteros para solventar la falta de gol de las \u00faltimas temporadas. En ese c\u00f3ctel ha incluido a los futbolistas que le eran v\u00e1lidos para el proyecto, con la defensa casi al completo y piezas del valor de Francho, ha recuperado a Aguado para dirigir al equipo y armado una delantera compacta con Bakis, Enrich, Manu Vallejo y Mollejo acompa\u00f1ado a Az\u00f3n.\u00a0 Sin duda es el club que m\u00e1s ha brillado en el mercado que se cerr\u00f3 ayer 1 de septiembre por la coherencia de sus contrataciones y los tiempos en que se han ido concretando, plazos y operaciones muy bien medidos por el ejecutivo.\u00a0 Diez caras nuevas de las cualesseis est\u00e1n por verse en la titularidad: <strong>Lecoeuche , Sergi Enrich, Gaetan Poussin, Valera, Mouri\u00f1o y Manu Vallejo.<\/strong><\/p>\n<p><strong>AS\u00cd QUEDA EL MERCADO<\/strong><\/p>\n<p><strong><span style=\"color: #0000ff;\">Real Zaragoza<\/span>: Mikael Mesa (Albacete),\u00a0 Quentin Lecoeuche (Valenciennes), Sinan Bakis (Andorra) , Toni Moya (Alav\u00e9s), Sergi Enrich (Oviedo), Gaetan Poussin (Girondis), Mollejo (Atl\u00e9tico) , Valera (Atl\u00e9tico), Mouri\u00f1o (Atl\u00e9tico), Manu Vallejo (Girona)<\/strong><\/p>\n<p><strong>Albacete: <\/strong>Pedro Benito (UD Sanse), \u00a0Alberto Quiles (Deportivo), Pacheco (Villarreal B), \u00a0Samuel Shashoua (Tenerife), Agus Medina (Ponferradina), Jonathan Silva (Getafe), \u00a0Dani Escriche (Huesca), Datkovic(Cartagena)<\/p>\n<p><strong>Alcorc\u00f3n: <\/strong>Juan Artola (Athletic), \u00a0Jacobo Gonz\u00e1lez (Andorra), Koldo Obieta (Miedz Legnica de Polonia), Yan Eteki (Casa P\u00eda, Portugal), Lucas Anacker (Cornell\u00e1), Chema<strong>\u00a0<\/strong>(Eibar), Quintill\u00e1 (Santa Clara portugu\u00e9s), \u00a0Dyego Sousa (Almer\u00eda), Chema (Eibar), \u00a0Dyego Sousa\u00a0(Almer\u00eda)<\/p>\n<p><strong>Amorebieta::\u00a0<\/strong>F\u00e9lix (Betis), \u00a0Daniel Lasure (Eibar), Erik Mor\u00e1n (Ponferradina), \u00a0Luis Quintero (Villarreal C), \u00a0Manu Hernando (Tondela), \u00a0\u00c1lex Carbonell (Bar\u00e7a Athl\u00e8tic), Eraso (Akritas Chlorakas de Chipre), \u00c1lvaro N\u00fa\u00f1ez (Bar\u00e7a Athl\u00e8tic), \u00a0Pablo Cu\u00f1at (Levante), \u00a0Morcillo (Athletic), Pablo Campos (Levante), Cosimo Marco da Graca (Juventus), \u00a0Josep Gay\u00e1\u00a0(Mallorca)<\/p>\n<p><strong>Andorra:<\/strong> Iker Benito (Osasuna), Migue Leal (Villarreal B), \u00a0Lobete (Celta), Arnau Prat (Nastic Manresa, filial), Dani Mart\u00edn (Betis), Anderson Arroyo (Liverpool), \u00c1lvaro Mart\u00edn (Real Madrid Castilla), Alex Petxarroman (Athletic), \u00a0Sergi Samper (Vissel Kobe), \u00a0Jos\u00e9 Mars\u00e1 (Sporting Portugal), \u00a0Pablo Moreno (Maritimo Madeira Portugal), \u00c1lex Calvo (M\u00e1laga), \u00a0Oier (Pafos), \u00a0Aur\u00e9lien Scheidler (Bari),\u00a0<a href=\"https:\/\/www.marca.com\/futbol\/andorra\/2023\/08\/31\/64f0bd20ca4741ce098b4646.html\" data-mrf-link=\"https:\/\/www.marca.com\/futbol\/andorra\/2023\/08\/31\/64f0bd20ca4741ce098b4646.html\">Laorent Shabani<\/a> (IFK Norrk\u00f6ping)<\/p>\n<p><strong>Burgos:<\/strong> \u00a0Fer Ni\u00f1o (Villarreal B), Dani Ojeda (Ponferradina), \u00c1lex Sancris (Linares Deportivo), Edu Espiau (Ponferradina), Lo\u00efc Badiashile (filial), \u00a0Ander Mart\u00edn (Real), \u00a0Kevin Appin (Ibiza), Esteban Saveljich\u00a0(Rayo Vallecano)<\/p>\n<p><strong>Cartagena: <\/strong>H\u00e9ctor Hevel (Andorra), \u00a0Gonzalo Verd\u00fa (Elche), \u00a0Lautaro d<a href=\"https:\/\/www.marca.com\/futbol\/cartagena\/2023\/07\/15\/64b28b29ca4741356e8b45b0.html\" data-mrf-link=\"https:\/\/www.marca.com\/futbol\/cartagena\/2023\/07\/15\/64b28b29ca4741356e8b45b0.html\">e<\/a> Le\u00f3n (Celta), Juan Carlos (SD Huesca), \u00a0Luis Mu\u00f1oz (M\u00e1laga), Arnau Sol\u00e1 (Almer\u00eda), :Ra\u00fal Lizoain\u00a0(Andorra)*,\u00a0Juanjo Narv\u00e1ez\u00a0(Valladolid),\u00a0Tom\u00e1s Alarc\u00f3n (C\u00e1diz),<strong>\u00a0<\/strong>Font\u00e1n (Celta), \u00a0Umaro Embal\u00f3 (Fortuna Sittard), \u00a0Jony Rodr\u00edguez\u00a0(Lazio)<\/p>\n<p><strong>Eibar: <\/strong>Mario Soriano (Deportivo), \u00a0Konrad De La Fuente\u00a0(Olympique de Marsella ),\u00a0Cristian Guti\u00e9rrez\u00a0(M\u00e1laga),\u00a0Vencedor\u00a0(Athletic)<\/p>\n<p><strong>Elche: <\/strong>\u00c1lex Mart\u00edn (Mirand\u00e9s), Aleix Febas (M\u00e1laga), San Rom\u00e1n (Ponferradina), \u00a0Cris Salvador (Huesca), Mario Gaspar (Watford), \u00a0Nico Castro (Genk ), \u00d3scar Plano (Valladolid), \u00a0Sergio Carreira (Celta),\u00a0Sergio Le\u00f3n\u00a0(Valladolid),\u00a0Borja Garc\u00e9s (Atl\u00e9tico)<\/p>\n<p><strong>Eldense: <\/strong>Arnau Ortiz (Murcia), Iv\u00e1n Chapela (C\u00e1diz), Sergio Ortu\u00f1o (Valladolid), \u00a0Timor (Huesca), Andoni Zubiaurre (Real Sociedad); Marco Doue (Virton), Younes Lachhab (Recreativo Granada) Miguel Mar\u00ed (Intercity FC), Mario da Costa (Recreativo Granada), Marc Mateu (Huesca), Mario da Costa (Recreativo Granada), \u00cd\u00f1igo Pi\u00f1a (Real Murcia), \u00a0Florin Andone (Las Palmas), \u00a0Derick Poloni (Casa Pia), Eddie Salcedo (Inter de Mil\u00e1n), \u00a0Miguel\u00f3n(Cartagena), \u00c1lvaro Aceves (Valladolid)*<\/p>\n<p><strong>Espanyol: <\/strong>Pere Milla (Elche), \u00a0Salvi S\u00e1nchez (Rayo), Ram\u00f3n Ramos (Olympiakos), \u00a0Keita Bald\u00e9\u00a0(Spartak de Mosc\u00fa)<\/p>\n<p><strong>Huesca:<\/strong> \u00a0\u00d3scar Sielva (Eibar),\u00a0 Iker Kortajarena (Real), \u00a0Loureiro (Lugo), \u00a0Iv\u00e1n Martos (Almer\u00eda), Obeng (Oviedo), \u00a0Balboa (Alav\u00e9s), Javi Mart\u00ednez (Osasuna), \u00a0Bol\u00edvar(Albacete), Hugo Vallejo (Valladolid),\u00a0 \u00a0Javi Mier (Oviedo)<\/p>\n<p><strong>Legan\u00e9s:<\/strong> \u00a0Arambarri (Real Sociedad B), Conde (Getafe), Dar\u00edo Poveda (Getafe), Chicco (Col\u00f3n argentino), \u00a0Jorge S\u00e1enz (Valencia), \u00a0Franquesa (Levante), \u00a0Yvan Neyou (St-\u00c9tienne), Ure\u00f1a(Girona), Abzi (Pau franc\u00e9s), \u00a0Miguel de la Fuente\u00a0(Alav\u00e9s),\u00a0Na\u00efs Djouahra\u00a0(HNK Rijeka)<\/p>\n<p><strong>Levante:<\/strong> \u00d3scar Clemente (Las Palmas), \u00a0Dela (Villarreal B), Oriol Rey (Mirand\u00e9s), \u00a0Sergio Lozano (Villarreal B), Algobia (Getafe), \u00a0Capa (Athletic), \u00c1lex Valle (Barcelona), Iv\u00e1n Romero y Carlos \u00c1lvarez (Sevilla), \u00a0Andr\u00e9s Fern\u00e1ndez\u00a0(Huesca)<\/p>\n<p><strong>Mirand\u00e9s:<\/strong> Luis L\u00f3pez (Real Madrid Castilla), Juan Mar\u00eda Alcedo (Albacete), Ilyas Chaira (Girona), Nikita Iosifov (Villarreal B), Sergio Barcia (Celta B), Diego Moreno (Osasuna), Gabri (Girona), Pablo Tomeo (Huesca), Alessio Lisci (entrenador), Alberto Reina (Ceuta), Diogo Verdasca (Slask Wroclaw), \u00a0Pablo Ram\u00f3n (Castilla),\u00a0 Tachi (Wisla Cracovia), Carlos Mart\u00edn (Atl\u00e9tico de Madrid), Alan Godoy (Deportivo Alav\u00e9s), Jonathan G\u00f3mez (Real Sociedad), Pablo Ram\u00f3n (Castilla), Mathis Lachuer (Amiens),Rub\u00e9n S\u00e1nchez (Espanyol), Ivan Durdov (KV Oostende), Javier Mart\u00f3n (Athletic),\u00a0Miguel Baeza (Celta),\u00a0Mathis Lachuer\u00a0(Amiens),\u00a0Rub\u00e9n S\u00e1nchez\u00a0(Espanyol)<\/p>\n<p><strong>Oviedo:<\/strong> \u00a0\u00c1lex Mill\u00e1n (Villarreal B), Sebas Moyano (Lugo), Romario Ibarra (Pachuca), \u00a0Leo Rom\u00e1n (Mallorca), \u00a0Alemao (Inter de Porto Alegre), Paulino de la Fuente (Pachuca), \u00a0Mario Hern\u00e1ndez (Rayo Vallecano), Jaime Seoane (Getafe), Cazorla (Al-Sadd), \u00a0Santiago Coombatto\u00a0(Le\u00f3n)<\/p>\n<p><strong>Racing Ferrol: <\/strong>Nacho S\u00e1nchez (Real Uni\u00f3n), Josep Se\u00f1\u00e9 (Lugo), \u00a0Iker Losada (Celta), Bernad (Valencia Mestalla), \u00a0Chuca (Miedz Legnica), \u00a0Juli\u00e1n Delm\u00e1s (M\u00e1laga), \u00a0\u00c1lvaro Gim\u00e9nez (C\u00e1diz), Sabin Merino (Zaragoza), Moi Delgado (Ponferradina), \u00a0Enrique Clemente (Las Palmas), Cubero (Eibar), Cantero (Eibar), \u00c1lvaro Vadillo\u00a0(Espanyol)<\/p>\n<p><strong>Racing Santander: <\/strong>Lago Junior (M\u00e1laga), Ekain (Ibiza), Iv\u00e1n Morante (Ibiza), \u00a0Arana (Eibar), Cl\u00e9ment Grenier\u00a0(Mallorca), Andr\u00e9s Mart\u00edn\u00a0(Rayo Vallecano)<\/p>\n<p><strong>Sporting:<\/strong> Rub\u00e9n Y\u00e1\u00f1ez (M\u00e1laga), \u00a0Haissem Hassan (Villarreal), \u00a0R\u00f3ber Pier (Levante), Pascanu\u00a0(Ponferradina)<\/p>\n<p><strong>Tenerife:<\/strong> \u00a0Roberto L\u00f3pez (Real Sociedad)*, \u00c1ngel Rodr\u00edguez (Mallorca), \u00a0Tomeu Nadal (Oviedo), \u00c1lvaro Romero (Algeciras), \u00a0Fer Medrano (Celta), \u00a0Amo (Ponferradina), Luismi Cruz (Sevilla), \u00a0Yann Bodiger\u00a0(Granada)<\/p>\n<p><strong>Valladolid: <\/strong>Boyomo (Albacete), \u00a0Ra\u00fal Moro (Lazio), \u00a0C\u00e9sar de la Hoz (Almer\u00eda), El Yamiq (Al-Wehda saud\u00ed), Ra\u00fal Chasco (Athletic), V\u00edctor Meseguer (Granada), Joni Montiel (Rayo), \u00a0Gustavo Henrique (Fenerbah\u00e7e), John Maciel (Santos), Juric (Parma),\u00a0 Marcos Andr\u00e9 (Valencia), \u00a0Mamadou Sylla\u00a0(Alav\u00e9s)<\/p>\n<p><strong>Villarreal B:<\/strong> \u00a0Fabio Blanco (Barcelona B), Adri\u00e0 Altimira (Andorra), Andr\u00e9s Ferrari (Defensor Sporting), Ilias Akhomach (Bar\u00e7a B), \u00a0Miguel Morro (Rayo Vallecano), \u00a0Stefan Lekovic (Estrella Roja)<\/p>\n","protected":false},"excerpt":{"rendered":"<p>Juan Carlos Cordero, director deportivo del Real Zaragoza, ha edificado una plantilla que infunde respeto a los adversarios e ilusiona\u00a0 su afici\u00f3n. Todos los puestos quedan doblados, con un centro del campo renovado casi por completo y un buen pu\u00f1ado de delanteros para solventar la falta de gol de las <a class=\"read-more\" href=\"https:\/\/principesdeparis.es\/principes\/todos-los-fichajes-del-mercado-de-segunda\/\">Sigue leyendo<\/a><\/p>\n","protected":false},"author":2,"featured_media":12317,"comment_status":"open","ping_status":"open","sticky":false,"template":"","format":"standard","meta":{"footnotes":""},"categories":[13,1],"tags":[],"class_list":["post-11658","post","type-post","status-publish","format-standard","has-post-thumbnail","hentry","category-publicidad","category-real-zaragoza"],"_links":{"self":[{"href":"https:\/\/principesdeparis.es\/principes\/wp-json\/wp\/v2\/posts\/11658","targetHints":{"allow":["GET"]}}],"collection":[{"href":"https:\/\/principesdeparis.es\/principes\/wp-json\/wp\/v2\/posts"}],"about":[{"href":"https:\/\/principesdeparis.es\/principes\/wp-json\/wp\/v2\/types\/post"}],"author":[{"embeddable":true,"href":"https:\/\/principesdeparis.es\/principes\/wp-json\/wp\/v2\/users\/2"}],"replies":[{"embeddable":true,"href":"https:\/\/principesdeparis.es\/principes\/wp-json\/wp\/v2\/comments?post=11658"}],"version-history":[{"count":42,"href":"https:\/\/principesdeparis.es\/principes\/wp-json\/wp\/v2\/posts\/11658\/revisions"}],"predecessor-version":[{"id":12319,"href":"https:\/\/principesdeparis.es\/principes\/wp-json\/wp\/v2\/posts\/11658\/revisions\/12319"}],"wp:featuredmedia":[{"embeddable":true,"href":"https:\/\/principesdeparis.es\/principes\/wp-json\/wp\/v2\/media\/12317"}],"wp:attachment":[{"href":"https:\/\/principesdeparis.es\/principes\/wp-json\/wp\/v2\/media?parent=11658"}],"wp:term":[{"taxonomy":"category","embeddable":true,"href":"https:\/\/principesdeparis.es\/principes\/wp-json\/wp\/v2\/categories?post=11658"},{"taxonomy":"post_tag","embeddable":true,"href":"https:\/\/principesdeparis.es\/principes\/wp-json\/wp\/v2\/tags?post=11658"}],"curies":[{"name":"wp","href":"https:\/\/api.w.org\/{rel}","templated":true}]}}