{"id":11669,"date":"2023-06-30T15:28:12","date_gmt":"2023-06-30T15:28:12","guid":{"rendered":"https:\/\/principesdeparis.es\/principes\/?p=11669"},"modified":"2023-06-30T20:01:47","modified_gmt":"2023-06-30T20:01:47","slug":"carlos-nieto-el-renacido","status":"publish","type":"post","link":"https:\/\/principesdeparis.es\/principes\/carlos-nieto-el-renacido\/","title":{"rendered":"Carlos Nieto, el renacido"},"content":{"rendered":"<p>Un a\u00f1o m\u00e1s para Carlos Nieto en el Real Zaragoza. Ten\u00eda contrato hasta 2025 y la direcci\u00f3n deportiva le ha firmado otro, m\u00e1s uno opcional, a este tenaz futbolista aragon\u00e9s que a sus 27 a\u00f1os, y debido a su temprano debut en el equipo con tan s\u00f3lo 18 a\u00f1os en septiembre de 2014 y de la mano de V\u00edctor Mu\u00f1oz, es quien m\u00e1s hojas del calendario ha visto caer dentro del vestuario, comparti\u00e9ndolo con el del filial, desde el \u00faltimo descenso. Como casi siempre desde que empezara a tener notoriedad en las alineaciones gracias V\u00edctor Fern\u00e1ndez en la complicada segunda vuelta del curso 2017-2018 y en la 2019-2020, cuando con 40 titularidades fue quien m\u00e1s particip\u00f3 playoff inclusive, el defensa, en teor\u00eda, volver\u00e1 a salir en desventaja con un compa\u00f1ero para ganarse la confianza del entrenador. En este caso ser\u00e1, a la espera de la confirmaci\u00f3n oficial del fichaje, Quentin Lecoeuche, un veterano lateral zurdo procedente del Valenciennes de la Ligue 2 francesa. El ejercicio pasado vio irse a Chavarr\u00eda al Rayo y c\u00f3mo el puesto era cubierto a contrarreloj y poco criterio por Gabriel Fuentes. Se sent\u00f3 en el banquillo sin rechistar hasta que Fran Escrib\u00e1 se percat\u00f3 de las fisuras del colombiano y orden\u00f3 a Nieto que se aplicara con mayor rigor: tom\u00f3 el relevo en Andorra y respondi\u00f3 con tal puntualidad y disciplina que, salvo en la pen\u00faltima jornada, la de las despedidas en Ibiza, nadie le movi\u00f3 del sitio.<\/p>\n<p>Carlos Nieto es un renacido en toda regla, un profesional que se enfrenta a s\u00ed mismo y a los retos de hacerse valer, obst\u00e1culos que va sorteando sin el cari\u00f1o completo de la grada ni de la prensa en general pero con una encomiable perseverancia y una buena lectura de sus recursos que acaban por convencer de su utilidad. En lugar de detenerse en la lamentaci\u00f3n, acomodarse bajo la pesada sombra de la reserva o contragolpear contra sus cr\u00edticos, ha interpuesto la inteligencia y el trabajo. Poco a poco ha ido elevando su nivel defensivo, la asignatura que le cuesta aprobar, y con la energ\u00eda de un minotauro por el eterno laberinto de las dudas ajenas ha adelantado a Lasure, Chavarr\u00eda y Fuentes. Lecoeuche tendr\u00e1 que esmerarse al m\u00e1ximo porque si se descuida, el zaragozano volver\u00e1 a podar la banda con su f\u00edsico portentoso, el mismo que le ha traicionado en ocasiones por una fogosidad dif\u00edcil de controlar y en otras ha agigantado su marm\u00f3rea figura de honrado jornalero. La gente la va cogiendo cari\u00f1o, se van suavizando los duros juicios a su labor y los entrenadores siguen queri\u00e9ndole tener a su lado. Esta renovaci\u00f3n no es un premio, sino la acumulaci\u00f3n de m\u00e9ritos de un futbolista que jam\u00e1s ingresar\u00e1 en el sal\u00f3n de las estrellas, pero que puede ayudar a que el equipo lo consiga. Porque Nieto lo mismo habla con los osos que los despelleja, algo impagable en este salvaje bosque de Segunda.<\/p>\n<blockquote class=\"twitter-tweet\">\n<p lang=\"es\" dir=\"ltr\">&quot;      \u0301              \u0303&quot;<\/p>\n<p>\u00a1No te pierdas la entrevista a Carlos Nieto! <a href=\"https:\/\/twitter.com\/hashtag\/MoverseMa%C3%B1osMoverse?src=hash&amp;ref_src=twsrc%5Etfw\">#MoverseMa\u00f1osMoverse<\/a>  <a href=\"https:\/\/t.co\/ddqjJ1kInt\">pic.twitter.com\/ddqjJ1kInt<\/a><\/p>\n<p>&mdash; Real Zaragoza  (@RealZaragoza) <a href=\"https:\/\/twitter.com\/RealZaragoza\/status\/1674836340918108160?ref_src=twsrc%5Etfw\">June 30, 2023<\/a><\/p><\/blockquote>\n<p> <script async src=\"https:\/\/platform.twitter.com\/widgets.js\" charset=\"utf-8\"><\/script><\/p>\n","protected":false},"excerpt":{"rendered":"<p>Un a\u00f1o m\u00e1s para Carlos Nieto en el Real Zaragoza. Ten\u00eda contrato hasta 2025 y la direcci\u00f3n deportiva le ha firmado otro, m\u00e1s uno opcional, a este tenaz futbolista aragon\u00e9s que a sus 27 a\u00f1os, y debido a su temprano debut en el equipo con tan s\u00f3lo 18 a\u00f1os en <a class=\"read-more\" href=\"https:\/\/principesdeparis.es\/principes\/carlos-nieto-el-renacido\/\">Sigue leyendo<\/a><\/p>\n","protected":false},"author":2,"featured_media":11670,"comment_status":"open","ping_status":"open","sticky":false,"template":"","format":"standard","meta":{"footnotes":""},"categories":[13,1],"tags":[],"class_list":["post-11669","post","type-post","status-publish","format-standard","has-post-thumbnail","hentry","category-publicidad","category-real-zaragoza"],"_links":{"self":[{"href":"https:\/\/principesdeparis.es\/principes\/wp-json\/wp\/v2\/posts\/11669","targetHints":{"allow":["GET"]}}],"collection":[{"href":"https:\/\/principesdeparis.es\/principes\/wp-json\/wp\/v2\/posts"}],"about":[{"href":"https:\/\/principesdeparis.es\/principes\/wp-json\/wp\/v2\/types\/post"}],"author":[{"embeddable":true,"href":"https:\/\/principesdeparis.es\/principes\/wp-json\/wp\/v2\/users\/2"}],"replies":[{"embeddable":true,"href":"https:\/\/principesdeparis.es\/principes\/wp-json\/wp\/v2\/comments?post=11669"}],"version-history":[{"count":2,"href":"https:\/\/principesdeparis.es\/principes\/wp-json\/wp\/v2\/posts\/11669\/revisions"}],"predecessor-version":[{"id":11672,"href":"https:\/\/principesdeparis.es\/principes\/wp-json\/wp\/v2\/posts\/11669\/revisions\/11672"}],"wp:featuredmedia":[{"embeddable":true,"href":"https:\/\/principesdeparis.es\/principes\/wp-json\/wp\/v2\/media\/11670"}],"wp:attachment":[{"href":"https:\/\/principesdeparis.es\/principes\/wp-json\/wp\/v2\/media?parent=11669"}],"wp:term":[{"taxonomy":"category","embeddable":true,"href":"https:\/\/principesdeparis.es\/principes\/wp-json\/wp\/v2\/categories?post=11669"},{"taxonomy":"post_tag","embeddable":true,"href":"https:\/\/principesdeparis.es\/principes\/wp-json\/wp\/v2\/tags?post=11669"}],"curies":[{"name":"wp","href":"https:\/\/api.w.org\/{rel}","templated":true}]}}