{"id":11717,"date":"2023-07-06T11:49:23","date_gmt":"2023-07-06T11:49:23","guid":{"rendered":"https:\/\/principesdeparis.es\/principes\/?p=11717"},"modified":"2023-07-06T14:11:37","modified_gmt":"2023-07-06T14:11:37","slug":"el-real-zaragoza-presenta-a-mesa-lecoeuche-y-bakis","status":"publish","type":"post","link":"https:\/\/principesdeparis.es\/principes\/el-real-zaragoza-presenta-a-mesa-lecoeuche-y-bakis\/","title":{"rendered":"El Real Zaragoza presenta a Mesa, Lecoeuche y Bakis"},"content":{"rendered":"<p style=\"text-align: center;\"><strong>El Real Zaragoza ha presentado a sus tres nuevos jugadores en una extensa rueda de prensa en la que han estado presentes, adem\u00e1s de los futbolistas, el director deportivo, Juan Carlos Cordero, y el director general, Ra\u00fal Sanlleh\u00ed. A las palabras de los jugadores se han sumado las valoraciones de los ejecutivos sobre las incorporaciones y la hoja de ruta que se est\u00e1 siguiendo donde prima la satisfacci\u00f3n por los movimientos a la espera de que se oficializa una cuarta contrataci\u00f3n, la de Toni Moya. Sanlleh\u00ed tambi\u00e9n ha hablado del frenazo a los pliegos de la construcci\u00f3n de la nueva Romareda , asunto sobre el que no se ha extendido demasiado pero dejando un mensaje de que quiz\u00e1s haya que replantear la situaci\u00f3n en conversaciones con las administraciones.<\/strong><\/p>\n<h2>Maikel Mesa<\/h2>\n<p><strong>Cordero:<\/strong> \u00abEs un futbolista polivalente para sistemas diferentes de juego. Llega en su madurez despu\u00e9s de su mejor temporada en la categor\u00eda\u00bb.<\/p>\n<p><strong>Mesa: <\/strong>\u00abLa palabra ilusi\u00f3n marca lo que llevo dentro para aportar mi granito de arena\u00bb<\/p>\n<p><strong>Paso adelante<\/strong>: \u00abEs todo. Lo m\u00e1s c\u00f3modo hubiera sido quedarme donde estaba pero di este paso adelante. Quer\u00eda estar en este proyecto\u00bb.<\/p>\n<p><strong>Su posici\u00f3n:<\/strong> \u00abMe gusta jugar, que el t\u00e9cnico conf\u00ede en m\u00ed. Puedo jugar en diferentes posiciones por mis caracter\u00edsticas\u00bb<\/p>\n<p><strong>Objetivo:<\/strong> \u00abDisfrutar e ir de partido a partido. No mirar m\u00e1s all\u00e1 de cada fin de semana con humildad. Si no nos equivocar\u00edamos\u00bb.<\/p>\n<p><strong>Reto:<\/strong> \u00abPuede ser mi mayor reto. Llego en el mejor momento de mi carrera y de mi vida\u00bb.<\/p>\n<h2>Quentin Lecoeuche<\/h2>\n<p><strong>Cordero:<\/strong> \u00abCompacto, intenso en la marca. Pese a no ser alto tiene muy buenos registros f\u00edsicos\u00bb<\/p>\n<p><strong>Lecoeuche:<\/strong> \u00abSiempre me hab\u00eda interesado jugar en Espa\u00f1a. Vi que era el mejor momento para apostar por este club hist\u00f3rico, en mi madurez deportiva\u00bb.<\/p>\n<p><strong>C\u00f3mo se define:<\/strong> \u00abSoy un lateral de perfil ofensivo. En Valenciennes aprend\u00ed a ser m\u00e1s defensivo. Aqu\u00ed espero explotar la faceta atacante\u00bb.<\/p>\n<p><strong>Mensaje de Escrib\u00e1:<\/strong> \u00abHe hablado mucho con \u00e9l y buscamos c\u00f3mo adaptarme lo antes posible al estilo del equipo\u00bb.<\/p>\n<p><strong>Otras ofertas:<\/strong> \u00abHab\u00eda cumplido dos temporadas completa y hab\u00eda recibido varias propuestas de Primera y Segunda, pero cuando lleg\u00f3 la oferta del Real Zaragoza tuve claro cu\u00e1l era mi destino\u00bb.<\/p>\n<p><strong>Diferencia entre Francia y Espa\u00f1a:<\/strong> \u00abVi v\u00eddeos de Segunda. Lo que percibo es que la Segunda es m\u00e1s t\u00e9cnica y ofensiva, mientras que en Francia es m\u00e1s f\u00edsico y defensivo. Pero me adaptar\u00e9\u00bb.<\/p>\n<h2>Sinan Bakis<\/h2>\n<p><strong>Cordero<\/strong>: \u00abDesde marzo y abril estamos trabajando en su fichaje. Es un delantero centro muy completo. \u00c1gil, coordenado, con conducci\u00f3n, disparo de las dos piernas y un gran juego de espaldas. Muy dif\u00edcil de hallar en este mercado. Le he pedido que tiene que ayudar al equipo, ser un jugador de equipo. No tiene un bonus por goles, quiero destacar esto\u00bb.<\/p>\n<p><strong>Bakis:\u00a0<\/strong> \u00abMe importaba estar en el Real Zaragoza sin contemplar otras propuestas\u00bb.<\/p>\n<p><strong>La influencia de Marc Aguado:<\/strong> \u00abHa sido clave porque hemos tenido mucho contacto y me ha animado mucho para venir a Zaragoza. El cambio de informaci\u00f3n me ha ayudado mucho\u00bb.<\/p>\n<p><strong>Cifra de goles:<\/strong> \u00abNo me marco ning\u00fan objetivo. Haremos cuentas al final de la temporada\u00bb.<\/p>\n<p><strong>Jugar en compa\u00f1\u00eda arriba:<\/strong> \u00abPuedo jugar con dos delanteros y es una posibilidad\u00bb.<\/p>\n<p><strong>Expectativas de la afici\u00f3n:<\/strong> \u00abTengo 29 a\u00f1os y entiendo la presi\u00f3n de un gran club, pero estoy preparado para asumirla\u00bb<\/p>\n<blockquote class=\"twitter-tweet\">\n<p lang=\"qme\" dir=\"ltr\">1&#xfe0f;&#x20e3;1&#xfe0f;&#x20e3; 2&#xfe0f;&#x20e3;2&#xfe0f;&#x20e3; 1&#xfe0f;&#x20e3;2&#xfe0f;&#x20e3;<a href=\"https:\/\/twitter.com\/hashtag\/MoverseMa%C3%B1osMoverse?src=hash&amp;ref_src=twsrc%5Etfw\">#MoverseMa\u00f1osMoverse<\/a> &#x1f981;&#x1f941; <a href=\"https:\/\/t.co\/Tpg7Llo8bs\">pic.twitter.com\/Tpg7Llo8bs<\/a><\/p>\n<p>&mdash; Real Zaragoza &#x1f981; (@RealZaragoza) <a href=\"https:\/\/twitter.com\/RealZaragoza\/status\/1676931853264072712?ref_src=twsrc%5Etfw\">July 6, 2023<\/a><\/p><\/blockquote>\n<p> <script async src=\"https:\/\/platform.twitter.com\/widgets.js\" charset=\"utf-8\"><\/script><\/p>\n<blockquote class=\"twitter-tweet\">\n<p lang=\"es\" dir=\"ltr\">\u00bfQuer\u00e9is el bal\u00f3n? &#x26bd;&#xfe0f;<\/p>\n<p>\u00a1Que se oiga! &#x1f44f;&#x1f199; <a href=\"https:\/\/t.co\/us2uFvpXHj\">pic.twitter.com\/us2uFvpXHj<\/a><\/p>\n<p>&mdash; Real Zaragoza &#x1f981; (@RealZaragoza) <a href=\"https:\/\/twitter.com\/RealZaragoza\/status\/1676954813400219649?ref_src=twsrc%5Etfw\">July 6, 2023<\/a><\/p><\/blockquote>\n<p> <script async src=\"https:\/\/platform.twitter.com\/widgets.js\" charset=\"utf-8\"><\/script><\/p>\n<p>&#8212;&#8212;&#8212;&#8212;&#8212;&#8212;&#8212;&#8211;<\/p>\n<h3><em>Juan Carlos Cordero<\/em><\/h3>\n<p>\u00abEste es el inicio y falta bastante para confeccionar una plantilla para que podamos hacer lo que queremos. Estamos atentos a los extremos a la espera de Bermejo&#8230; Es una carencia a\u00fan vigente pero hay tiempo por delante. Estamos trabajando con sentido com\u00fan y siguiendo el camino que nos marcamos de principio\u00bb.<\/p>\n<p><strong>Las salidas:<\/strong> \u00abHe hablado con los que tienen que salir, ya lo saben, y estamos buscamos soluciones para que todas las partes lleguemos un acuerdo y que hallen el mejor acomodo posible\u00bb.<\/p>\n<p><strong>Propiedad, sinergias&#8230;:<\/strong> \u00abEst\u00e1 todo abierto. Prefiero en propiedad pero entramos en una zona de mercado en la que estamos abierto a todo para mejorar y potenciar la plantilla\u00bb<\/p>\n<p><strong>Beb\u00e9 y Giuliano:<\/strong> \u00abNo est\u00e1n encima de la mesa. No hay ninguna posibilidad porque no se ha tratado. Veremos m\u00e1s adelante y seguimos esperando pero sin apartarnos de nuestra l\u00ednea de trabajo. Mollejo es distinto porque nos gustar\u00eda que siguiera y estamos negociando en lo econ\u00f3mico\u00bb.<\/p>\n<p><strong>C\u00f3mo va el plan:<\/strong> \u00abEstamos satisfechos con los pasos dados. Eran opciones de hace tiempo. Depend\u00eda de la voluntad de los jugadores y est\u00e1n respondiendo a este proyecto\u00bb.<\/p>\n<p><strong>Porteros:<\/strong> \u00abLa idea es traer un tercer portero que compita. Tampoco ficharemos cualquier cosa porque ahora estamos tranquilos con lo que tenemos\u00bb.<\/p>\n<p><strong>Delanteros:<\/strong> \u00abMe gustar\u00eda tener un delantero m\u00e1s. Quiz\u00e1 alguno m\u00e1s r\u00e1pido y quiz\u00e1s Mollejo nos dar\u00eda ese perfil que nos falta. No estamos cerrados a nada\u00bb.<\/p>\n<p><strong>Sin traspasos:<\/strong> \u00abNo tenemos previsto ninguna venta. A d\u00eda de hoy\u00bb.<\/p>\n<p><strong>Limite salarial:<\/strong> \u00abA\u00fan no est\u00e1 acordado, pero se pueden abrir m\u00e1s ventanas\u00bb<\/p>\n<h3><em>Ra\u00fal Sanlleh\u00ed<\/em><\/h3>\n<p><strong>Trofeo Carlos Lapetra:<\/strong> \u00abEst\u00e1 encarado pero hasta que no este hecho no podemos decir nada en concreto\u00bb.<\/p>\n<p><strong>La paralizaci\u00f3n del estadio:<\/strong> \u00abEl estadio es un asunto ajeno al club. Presentamos un anteproyecto y unos pliegos. Si eso cambia y no tiene un sentido habr\u00e1 que hacer un replanteamiento con las administraciones para ver c\u00f3mo podemos hacer ese plan de financiaci\u00f3n\u00bb.<\/p>\n<p><strong>Decepci\u00f3n por lo pol\u00edtico:<\/strong> \u00abNo entro a valorar nada en ese sentido. Desde el principioo hemos intentando mantenernos al margen. Somos un club apol\u00edtico. Sabemos la relevancia de un nuevo campo para Zaragoza y Arag\u00f3n y trabajamos para ello\u00bb.<\/p>\n","protected":false},"excerpt":{"rendered":"<p>El Real Zaragoza ha presentado a sus tres nuevos jugadores en una extensa rueda de prensa en la que han estado presentes, adem\u00e1s de los futbolistas, el director deportivo, Juan Carlos Cordero, y el director general, Ra\u00fal Sanlleh\u00ed. A las palabras de los jugadores se han sumado las valoraciones de <a class=\"read-more\" href=\"https:\/\/principesdeparis.es\/principes\/el-real-zaragoza-presenta-a-mesa-lecoeuche-y-bakis\/\">Sigue leyendo<\/a><\/p>\n","protected":false},"author":2,"featured_media":11722,"comment_status":"open","ping_status":"open","sticky":false,"template":"","format":"standard","meta":{"footnotes":""},"categories":[13,1],"tags":[],"class_list":["post-11717","post","type-post","status-publish","format-standard","has-post-thumbnail","hentry","category-publicidad","category-real-zaragoza"],"_links":{"self":[{"href":"https:\/\/principesdeparis.es\/principes\/wp-json\/wp\/v2\/posts\/11717","targetHints":{"allow":["GET"]}}],"collection":[{"href":"https:\/\/principesdeparis.es\/principes\/wp-json\/wp\/v2\/posts"}],"about":[{"href":"https:\/\/principesdeparis.es\/principes\/wp-json\/wp\/v2\/types\/post"}],"author":[{"embeddable":true,"href":"https:\/\/principesdeparis.es\/principes\/wp-json\/wp\/v2\/users\/2"}],"replies":[{"embeddable":true,"href":"https:\/\/principesdeparis.es\/principes\/wp-json\/wp\/v2\/comments?post=11717"}],"version-history":[{"count":7,"href":"https:\/\/principesdeparis.es\/principes\/wp-json\/wp\/v2\/posts\/11717\/revisions"}],"predecessor-version":[{"id":11726,"href":"https:\/\/principesdeparis.es\/principes\/wp-json\/wp\/v2\/posts\/11717\/revisions\/11726"}],"wp:featuredmedia":[{"embeddable":true,"href":"https:\/\/principesdeparis.es\/principes\/wp-json\/wp\/v2\/media\/11722"}],"wp:attachment":[{"href":"https:\/\/principesdeparis.es\/principes\/wp-json\/wp\/v2\/media?parent=11717"}],"wp:term":[{"taxonomy":"category","embeddable":true,"href":"https:\/\/principesdeparis.es\/principes\/wp-json\/wp\/v2\/categories?post=11717"},{"taxonomy":"post_tag","embeddable":true,"href":"https:\/\/principesdeparis.es\/principes\/wp-json\/wp\/v2\/tags?post=11717"}],"curies":[{"name":"wp","href":"https:\/\/api.w.org\/{rel}","templated":true}]}}