{"id":11841,"date":"2023-07-21T16:39:41","date_gmt":"2023-07-21T16:39:41","guid":{"rendered":"https:\/\/principesdeparis.es\/principes\/?p=11841"},"modified":"2023-07-21T17:00:50","modified_gmt":"2023-07-21T17:00:50","slug":"moya-mesa-y-bakis-aparecen-en-el-once-ante-el-teruel","status":"publish","type":"post","link":"https:\/\/principesdeparis.es\/principes\/moya-mesa-y-bakis-aparecen-en-el-once-ante-el-teruel\/","title":{"rendered":"Moya, Mesa y Bakis aparecen en el once ante el Teruel"},"content":{"rendered":"<p>Tres de los cinco fichajes del Real Zaragoza en este mercado de verano ser\u00e1n titulares en el amistoso de esta tarde (19.30) frente al Teruel. Maikel Mesa repite de salida al igual que hizo en la cita frente al Deportivo Arag\u00f3n y se le suman Toni Moya y Sinan Bakis. No estar\u00e1n Lecoeuche, lesionado, ni Sergi Enrich, que s\u00ed se ha desplazado hasta Pinilla para estar junto a sus nuevos compa\u00f1eros tras ser presentado esta ma\u00f1ana. Fran Escrib\u00e1 cuenta de salida para este segundo partido con que el podr\u00eda ser uno de los escudos defensivos a lo largo de la temporada: Cristian, Jair, Llu\u00eds L\u00f3pez y Nieto. El encuentro implica una mayor dificultad que el choque con el filial que el primer equipo resolvi\u00f3 con goles de Az\u00f3n, Mesa y Merino, ya que el Teruel luce como equipo de 1\u00aa RFEF. El delantero vasco, al igual que Igbekeme y Manu Molina, no han entrado en la lista de convocados ya que se negocian sus salidas, con el bilba\u00edno a punto de concretar la suya. Eugeni, otro de los que estaban en la puerta de salida, rescindi\u00f3 ayer su contrato y ha sido anunciado hoy como nuevo jugador del Ibiza.<\/p>\n<blockquote class=\"twitter-tweet\">\n<p dir=\"ltr\" lang=\"es\">1&#xfe0f;&#x20e3;1&#xfe0f;&#x20e3; del Real Zaragoza<\/p>\n<p>Cristian \u00c1lvarez<br \/>\nJair<br \/>\nJaume Grau<br \/>\nMaikel Mesa<br \/>\nBakis<br \/>\nNieto<br \/>\nBaselga<br \/>\nToni Moya<br \/>\nLluis L\u00f3pez<br \/>\nLuna<br \/>\nArag\u00fces<\/p>\n<p><a href=\"https:\/\/twitter.com\/hashtag\/PretemporadaRZ?src=hash&amp;ref_src=twsrc%5Etfw\">#PretemporadaRZ<\/a><\/p>\n<p>\u2014 Real Zaragoza (@RealZaragoza) <a href=\"https:\/\/twitter.com\/RealZaragoza\/status\/1682428673180180489?ref_src=twsrc%5Etfw\">July 21, 2023<\/a><\/p><\/blockquote>\n<p><script async src=\"https:\/\/platform.twitter.com\/widgets.js\" charset=\"utf-8\"><\/script><\/p>\n<blockquote class=\"twitter-tweet\">\n<p dir=\"ltr\" lang=\"es\"><a href=\"https:\/\/t.co\/FeyfBtKrXj\">pic.twitter.com\/FeyfBtKrXj<\/a><\/p>\n<p>\u2014 Club Deportivo Teruel (@TeruelCd) <a href=\"https:\/\/twitter.com\/TeruelCd\/status\/1682428513968615424?ref_src=twsrc%5Etfw\">July 21, 2023<\/a><\/p><\/blockquote>\n<p><script async src=\"https:\/\/platform.twitter.com\/widgets.js\" charset=\"utf-8\"><\/script><\/p>\n<p><em>Foto Real Zaragoza<\/em><\/p>\n","protected":false},"excerpt":{"rendered":"<p>Tres de los cinco fichajes del Real Zaragoza en este mercado de verano ser\u00e1n titulares en el amistoso de esta tarde (19.30) frente al Teruel. Maikel Mesa repite de salida al igual que hizo en la cita frente al Deportivo Arag\u00f3n y se le suman Toni Moya y Sinan Bakis. <a class=\"read-more\" href=\"https:\/\/principesdeparis.es\/principes\/moya-mesa-y-bakis-aparecen-en-el-once-ante-el-teruel\/\">Sigue leyendo<\/a><\/p>\n","protected":false},"author":2,"featured_media":11842,"comment_status":"open","ping_status":"open","sticky":false,"template":"","format":"standard","meta":{"footnotes":""},"categories":[13,1],"tags":[],"class_list":["post-11841","post","type-post","status-publish","format-standard","has-post-thumbnail","hentry","category-publicidad","category-real-zaragoza"],"_links":{"self":[{"href":"https:\/\/principesdeparis.es\/principes\/wp-json\/wp\/v2\/posts\/11841","targetHints":{"allow":["GET"]}}],"collection":[{"href":"https:\/\/principesdeparis.es\/principes\/wp-json\/wp\/v2\/posts"}],"about":[{"href":"https:\/\/principesdeparis.es\/principes\/wp-json\/wp\/v2\/types\/post"}],"author":[{"embeddable":true,"href":"https:\/\/principesdeparis.es\/principes\/wp-json\/wp\/v2\/users\/2"}],"replies":[{"embeddable":true,"href":"https:\/\/principesdeparis.es\/principes\/wp-json\/wp\/v2\/comments?post=11841"}],"version-history":[{"count":12,"href":"https:\/\/principesdeparis.es\/principes\/wp-json\/wp\/v2\/posts\/11841\/revisions"}],"predecessor-version":[{"id":11854,"href":"https:\/\/principesdeparis.es\/principes\/wp-json\/wp\/v2\/posts\/11841\/revisions\/11854"}],"wp:featuredmedia":[{"embeddable":true,"href":"https:\/\/principesdeparis.es\/principes\/wp-json\/wp\/v2\/media\/11842"}],"wp:attachment":[{"href":"https:\/\/principesdeparis.es\/principes\/wp-json\/wp\/v2\/media?parent=11841"}],"wp:term":[{"taxonomy":"category","embeddable":true,"href":"https:\/\/principesdeparis.es\/principes\/wp-json\/wp\/v2\/categories?post=11841"},{"taxonomy":"post_tag","embeddable":true,"href":"https:\/\/principesdeparis.es\/principes\/wp-json\/wp\/v2\/tags?post=11841"}],"curies":[{"name":"wp","href":"https:\/\/api.w.org\/{rel}","templated":true}]}}