{"id":11872,"date":"2023-07-25T20:27:57","date_gmt":"2023-07-25T20:27:57","guid":{"rendered":"https:\/\/principesdeparis.es\/principes\/?p=11872"},"modified":"2023-07-26T17:10:02","modified_gmt":"2023-07-26T17:10:02","slug":"sebastian-mesa-y-cortes-dejan-huella","status":"publish","type":"post","link":"https:\/\/principesdeparis.es\/principes\/sebastian-mesa-y-cortes-dejan-huella\/","title":{"rendered":"Sebasti\u00e1n, Mesa y Cort\u00e9s dejan huella"},"content":{"rendered":"<p style=\"text-align: center;\"><strong>La poderosa primera parte del lateral, el romance con el gol del mediapunta y los 80 minutos que Escrib\u00e1 da al canterano destacan en la victoria sobre el Murcia (0-1)<\/strong><\/p>\n<p>El Real Zaragoza avanza en la pretemporada sin forzar la m\u00e1quina ni a sus futbolistas, de nuevo con una victoria elaborada, la tercera consecutiva, contra un Murcia sin apenas pegada aunque exigente. Fran Escrib\u00e1 administra los esfuerzos y suele presentar dos equipos pr\u00e1cticamente distintos, todav\u00eda sobre una estructura de plantilla sin completar y, como consecuencia, con un protagonismo elevado para los canteranos. En este ocasi\u00f3n eligi\u00f3 una alineaci\u00f3n con novedades relevantes como las de Liso, Cuenca y Juan Sebasti\u00e1n y sin ninguno de los tres fichajes, con Bakis descartado en la grada. En esa avanzadilla estaban tambi\u00e9n Cort\u00e9s y Borge, lo que unido a la presencia de Franc\u00e9s, Az\u00f3n y Aguado daba al equipo un profundo acento aragon\u00e9s. El encuentro, sobre todo en el primer periodo, tuvo un descarado aunque desordenado aire demasiado juvenil que poco a poco fue imponiendo, por encima de un f\u00fatbol maduro, su entusiasmo por agradar al entrenador.<\/p>\n<p>En ese grupo de aspirantes, result\u00f3 m\u00e1s que interesante la sociedad entre Sebasti\u00e1n y Cort\u00e9s, a quien Escrib\u00e1 concedi\u00f3 nada menos que 80 minutos, una confianza que podr\u00eda tener alg\u00fan tipo de mensaje para el futuro del zurdo. El centrocampista volvi\u00f3 a demostrar, con calidad, que tiene lugar en la primera plantilla como espacio de aprendizaje y progresi\u00f3n para ganarse los m\u00e9ritos de la titularidad. Lo del lateral, cuyas virtudes ya han sido degustadas en el filial, fue sin duda lo mejor de toda la cita en el estreno en Pinatar Arena. G\u00e1mez, tambi\u00e9n fuera de la citaci\u00f3n, y Luna, que pugnan por el <em>2<\/em>, deben estar muy atentos al retrovisor porque este poderoso defensa no ha venido a a hacer los coros. La zancada, el cambio de ritmo y el rigor, sus capacidades naturales que obsequi\u00f3 mientras estuvo en el campo, pueden abrir un debate sobre la propiedad de ese puesto o, como m\u00ednimo, zanjar las dudas de si es necesario fichar otro futbolista para esa parcela porque este lo es de bastantes kilates.<\/p>\n<p>En un partido que sigui\u00f3 la pauta de los anteriores en cuanto a relevos en defensa y en el centro del campo y con Cristian de principio a fin en la porter\u00eda, Maikel Mesa prosigui\u00f3 con su romance con el gol, el tercero que consigue enmascarado como atacante. Una acci\u00f3n entre Cort\u00e9s y Luna fue rematada con estilo y eficacia, en una postura nada sencilla y con pierna de chicle, por este definidor que campa a sus anchas con el punta que le pongan a\u00a0 su lado. Mesa sabe acabar muy bien lo que otros comienzan, con un punto de frialdad que se echaba mucho de menos en el Real Zaragoza. Llu\u00eds L\u00f3pez estuvo a punto de afear el resultado con una de esas lagunas de tensi\u00f3n en la pelea por el bal\u00f3n dividido que sufre m\u00e1s de la cuenta, pero Vaquero acudi\u00f3 al rescate con un cruce veloz y rotundo. Un nuevo triunfo con pocas concesiones al rival, trabajo colectivo sin tregua y los detalles suficientes para ganar gracias a todos.<\/p>\n<p class=\"article-body__text \"><strong>Real Murcia:\u00a0<\/strong>Manu; Jaime, Andr\u00e9s, Alberto, Hugo; Imanol, Julio; Pedro Le\u00f3n, Vega, Iker, Molina (Toral, m.35). Tras el descanso salieron Gallego, Juande, Junior, Casado, H\u00e9ctor, Ganet, Armando, Bassamba, \u00c1lex Rubio y Dani Romera en el 46 y Ruiz y Guilherme en el 69<\/p>\n<p class=\"article-body__text \"><strong>Real Zaragoza:\u00a0<\/strong>Cristian; Juan Sebasti\u00e1n (Luna, 46), Franc\u00e9s (Llu\u00eds L\u00f3pez, 46), Jair (Vaquero, 46), Borge (Nieto, 46); Marc Aguado (Francho, 46), Jaume Grau (Moya, 46); Cort\u00e9s (Arag\u00fc\u00e9s, 80), Liso (Puche, 46), Az\u00f3n (Baselga, 62), Marcos Cuenca (Maikel Mesa, 46)<\/p>\n<p>Gol: 0-1, <strong>Maikel Mesa\u00a0<\/strong>(min. 53).<\/p>\n<blockquote class=\"twitter-tweet\">\n<p lang=\"es\" dir=\"ltr\">Para verlo en bucle <\/p>\n<p>&#x1f975;&#x1f525;&#x1f499;&#x1f90d; <a href=\"https:\/\/t.co\/BVNDipgRLo\">pic.twitter.com\/BVNDipgRLo<\/a><\/p>\n<p>&mdash; Real Zaragoza &#x1f981; (@RealZaragoza) <a href=\"https:\/\/twitter.com\/RealZaragoza\/status\/1684143913555095552?ref_src=twsrc%5Etfw\">July 26, 2023<\/a><\/p><\/blockquote>\n<p> <script async src=\"https:\/\/platform.twitter.com\/widgets.js\" charset=\"utf-8\"><\/script><\/p>\n<p><em>Foto Real Zaragoza<\/em><\/p>\n","protected":false},"excerpt":{"rendered":"<p>La poderosa primera parte del lateral, el romance con el gol del mediapunta y los 80 minutos que Escrib\u00e1 da al canterano destacan en la victoria sobre el Murcia (0-1) El Real Zaragoza avanza en la pretemporada sin forzar la m\u00e1quina ni a sus futbolistas, de nuevo con una victoria <a class=\"read-more\" href=\"https:\/\/principesdeparis.es\/principes\/sebastian-mesa-y-cortes-dejan-huella\/\">Sigue leyendo<\/a><\/p>\n","protected":false},"author":2,"featured_media":11873,"comment_status":"open","ping_status":"open","sticky":false,"template":"","format":"standard","meta":{"footnotes":""},"categories":[13,1],"tags":[],"class_list":["post-11872","post","type-post","status-publish","format-standard","has-post-thumbnail","hentry","category-publicidad","category-real-zaragoza"],"_links":{"self":[{"href":"https:\/\/principesdeparis.es\/principes\/wp-json\/wp\/v2\/posts\/11872","targetHints":{"allow":["GET"]}}],"collection":[{"href":"https:\/\/principesdeparis.es\/principes\/wp-json\/wp\/v2\/posts"}],"about":[{"href":"https:\/\/principesdeparis.es\/principes\/wp-json\/wp\/v2\/types\/post"}],"author":[{"embeddable":true,"href":"https:\/\/principesdeparis.es\/principes\/wp-json\/wp\/v2\/users\/2"}],"replies":[{"embeddable":true,"href":"https:\/\/principesdeparis.es\/principes\/wp-json\/wp\/v2\/comments?post=11872"}],"version-history":[{"count":7,"href":"https:\/\/principesdeparis.es\/principes\/wp-json\/wp\/v2\/posts\/11872\/revisions"}],"predecessor-version":[{"id":11883,"href":"https:\/\/principesdeparis.es\/principes\/wp-json\/wp\/v2\/posts\/11872\/revisions\/11883"}],"wp:featuredmedia":[{"embeddable":true,"href":"https:\/\/principesdeparis.es\/principes\/wp-json\/wp\/v2\/media\/11873"}],"wp:attachment":[{"href":"https:\/\/principesdeparis.es\/principes\/wp-json\/wp\/v2\/media?parent=11872"}],"wp:term":[{"taxonomy":"category","embeddable":true,"href":"https:\/\/principesdeparis.es\/principes\/wp-json\/wp\/v2\/categories?post=11872"},{"taxonomy":"post_tag","embeddable":true,"href":"https:\/\/principesdeparis.es\/principes\/wp-json\/wp\/v2\/tags?post=11872"}],"curies":[{"name":"wp","href":"https:\/\/api.w.org\/{rel}","templated":true}]}}