{"id":12064,"date":"2023-08-16T16:36:47","date_gmt":"2023-08-16T16:36:47","guid":{"rendered":"https:\/\/principesdeparis.es\/principes\/?p=12064"},"modified":"2023-08-16T17:40:53","modified_gmt":"2023-08-16T17:40:53","slug":"cristian-jair-nieto-lopez-y-mesa-capitanes","status":"publish","type":"post","link":"https:\/\/principesdeparis.es\/principes\/cristian-jair-nieto-lopez-y-mesa-capitanes\/","title":{"rendered":"Cristian, Jair, Nieto, L\u00f3pez y Mesa, capitanes"},"content":{"rendered":"<p>Cristian \u00c1lvarez, Jair Amador, Carlos Nieto, Llu\u00eds L\u00f3pez y Maikel Mesa ser\u00e1n los cinco capitanes que representar\u00e1n al Real Zaragoza en la temporada 2023-2024. En los tres primeros casos se ha tenido en cuenta la experiencia y longevidad en el club, mientras que con Llu\u00eds L\u00f3pez se ha evaluado su compromiso con el grupo desde que llegar\u00e1 en 2021 y con Mesa, el car\u00e1cter y la personalidad de un profesional que transmite con su juego en el campo, adem\u00e1s de su considerable experiencia en la categor\u00eda.<\/p>\n<p>El portero mantiene su jerarqu\u00eda despu\u00e9s siete temporadas consecutivas defendiendo la porter\u00eda de La Romareda. Su figura, mitificada por su excelente rendimiento y el cari\u00f1o que le profesa la afici\u00f3n, aglutina los valores de la entidad y el derecho para portar el brazalete como gran referencia del conjunto aragon\u00e9s tras la marcha de Alberto Zapater.\u00a0\u00a0Jair Amador se ha convertido, en su cuarta temporada con la blanquilla,\u00a0 en el gran l\u00edder defensivo por su contundencia y autoridad, mientras que de Carlos Nieto se ha valorado su representatividad\u00a0 de la cantera zaragocista, desde donde ha evolucionado desde alevines hasta el primer equipo con tan s\u00f3lo 17 a\u00f1os.<\/p>\n<p>La progresi\u00f3n de Llu\u00eds L\u00f3pez, en su tercer curso en el equipo, y su absoluta integraci\u00f3n en la ciudad y la plantilla son las causas porque las que ha sido elegido como capit\u00e1n del Real Zaragoza. Maikel Mesa, con una veteran\u00eda contrastada en la categor\u00eda y diferentes destinos, y pese a estrenarse este a\u00f1o como nuevo jugador zaragocista, ya ha dejado huella entre sus compa\u00f1eros y los seguidores. Francho, quien podr\u00eda entrar entre los jugadores con derecho a la capitan\u00eda por peso en el equipo y su estrecha relaci\u00f3n con la grada y la Ciudad Deportiva, no ha sido considerado para llevar la cuatribarrada,<\/p>\n<p><em>Foto Real Zaragoza<\/em><\/p>\n","protected":false},"excerpt":{"rendered":"<p>Cristian \u00c1lvarez, Jair Amador, Carlos Nieto, Llu\u00eds L\u00f3pez y Maikel Mesa ser\u00e1n los cinco capitanes que representar\u00e1n al Real Zaragoza en la temporada 2023-2024. En los tres primeros casos se ha tenido en cuenta la experiencia y longevidad en el club, mientras que con Llu\u00eds L\u00f3pez se ha evaluado su <a class=\"read-more\" href=\"https:\/\/principesdeparis.es\/principes\/cristian-jair-nieto-lopez-y-mesa-capitanes\/\">Sigue leyendo<\/a><\/p>\n","protected":false},"author":2,"featured_media":12065,"comment_status":"open","ping_status":"open","sticky":false,"template":"","format":"standard","meta":{"footnotes":""},"categories":[13,1],"tags":[],"class_list":["post-12064","post","type-post","status-publish","format-standard","has-post-thumbnail","hentry","category-publicidad","category-real-zaragoza"],"_links":{"self":[{"href":"https:\/\/principesdeparis.es\/principes\/wp-json\/wp\/v2\/posts\/12064","targetHints":{"allow":["GET"]}}],"collection":[{"href":"https:\/\/principesdeparis.es\/principes\/wp-json\/wp\/v2\/posts"}],"about":[{"href":"https:\/\/principesdeparis.es\/principes\/wp-json\/wp\/v2\/types\/post"}],"author":[{"embeddable":true,"href":"https:\/\/principesdeparis.es\/principes\/wp-json\/wp\/v2\/users\/2"}],"replies":[{"embeddable":true,"href":"https:\/\/principesdeparis.es\/principes\/wp-json\/wp\/v2\/comments?post=12064"}],"version-history":[{"count":6,"href":"https:\/\/principesdeparis.es\/principes\/wp-json\/wp\/v2\/posts\/12064\/revisions"}],"predecessor-version":[{"id":12071,"href":"https:\/\/principesdeparis.es\/principes\/wp-json\/wp\/v2\/posts\/12064\/revisions\/12071"}],"wp:featuredmedia":[{"embeddable":true,"href":"https:\/\/principesdeparis.es\/principes\/wp-json\/wp\/v2\/media\/12065"}],"wp:attachment":[{"href":"https:\/\/principesdeparis.es\/principes\/wp-json\/wp\/v2\/media?parent=12064"}],"wp:term":[{"taxonomy":"category","embeddable":true,"href":"https:\/\/principesdeparis.es\/principes\/wp-json\/wp\/v2\/categories?post=12064"},{"taxonomy":"post_tag","embeddable":true,"href":"https:\/\/principesdeparis.es\/principes\/wp-json\/wp\/v2\/tags?post=12064"}],"curies":[{"name":"wp","href":"https:\/\/api.w.org\/{rel}","templated":true}]}}