{"id":12094,"date":"2023-08-18T18:21:13","date_gmt":"2023-08-18T18:21:13","guid":{"rendered":"https:\/\/principesdeparis.es\/principes\/?p=12094"},"modified":"2023-08-18T19:09:05","modified_gmt":"2023-08-18T19:09:05","slug":"escriba-repite-once-y-sistema","status":"publish","type":"post","link":"https:\/\/principesdeparis.es\/principes\/escriba-repite-once-y-sistema\/","title":{"rendered":"Escrib\u00e1 repite once y sistema"},"content":{"rendered":"<p>Lo que funciona no se toca y Fran Escrib\u00e1 ha decidido seguir al dedillo esta m\u00e1xima. El t\u00e9cnico repite en la visita del Valladolid la alineaci\u00f3n y el sistema en rombo que tan buenos resultados le dio en la victoria contra el Villarreal B. De los 24 citados, el descartado ha sido finalmente Pablo Cort\u00e9s para un encuentro que podr\u00eda dar el liderato eventual al Real Zaragoza en el caso de que se imponga a los de Pucela y mejore el coeficiente goleador del resto de los aspirantes a la cima, con el Andorra ya en lo m\u00e1s alto tras doblegar al Cartagena con un triplete de Nieto (3-2). En cualquier caso, el primer objetivo del conjunto aragon\u00e9s es conseguir derrotar al equipo Paulo Pezzolano en un duelo de estatura que mide a dos bloques con aspiraciones.<\/p>\n<blockquote class=\"twitter-tweet\">\n<p lang=\"es\" dir=\"ltr\"> VAMOS   <a href=\"https:\/\/t.co\/BAEsMCwgQ7\">pic.twitter.com\/BAEsMCwgQ7<\/a><\/p>\n<p>&mdash; Real Zaragoza  (@RealZaragoza) <a href=\"https:\/\/twitter.com\/RealZaragoza\/status\/1692614415114248515?ref_src=twsrc%5Etfw\">August 18, 2023<\/a><\/p><\/blockquote>\n<p> <script async src=\"https:\/\/platform.twitter.com\/widgets.js\" charset=\"utf-8\"><\/script><\/p>\n<p>El rombo no se mueve. Esa reuni\u00f3n central de Aguado, Francho, Moya y Mesa se ha distinguido como un elemento diferenciador en este arranque de temporada, un dibujo que define con una marcada personalidad ofensiva y creativa al nuevo Real Zaragoza de Juan Carlos Cordero. En la citaci\u00f3n se estrenan Lecoeuche y el reci\u00e9n aterrizado Mouri\u00f1o con la idea de una primera toma de contacto con sus compa\u00f1eros, pero Escrib\u00e1 entrega de principio su confianza a los futbolistas m\u00e1s en forma por el momento, con Varela, Enrich, Mollejo o Bermejo en la rec\u00e1mara para sustituciones o variantes t\u00e1cticas si el partido lo pidiera. En defensa, la armadura la completan Cristian, G\u00e1mez Franc\u00e9s, Jair, y Nieto, mientras que la lanza en ataque la vuelven a llevar Iv\u00e1n Az\u00f3n y Bakis. Las altas temperaturas durante el partido condicionar\u00e1 el juego, por lo que la administraci\u00f3n de esfuerzos y el acierto en los relevos pueden resultar elementos claves.<\/p>\n<p>&nbsp;<\/p>\n<p>La alineaci\u00f3n del Valladolid<\/p>\n<blockquote class=\"twitter-tweet\">\n<p dir=\"ltr\" lang=\"es\">Nuestro primer 1&#xfe0f;&#x20e3;1&#xfe0f;&#x20e3; como visitante.<br \/>\n\u00a1A por los 3 puntos, Pucela! <a href=\"https:\/\/twitter.com\/hashtag\/RealZaragozaRealValladolid?src=hash&amp;ref_src=twsrc%5Etfw\">#RealZaragozaRealValladolid<\/a> <a href=\"https:\/\/twitter.com\/hashtag\/11RV?src=hash&amp;ref_src=twsrc%5Etfw\">#11RV<\/a> <a href=\"https:\/\/t.co\/93JQ0l0c5s\">pic.twitter.com\/93JQ0l0c5s<\/a><\/p>\n<p>\u2014 Real Valladolid C.F.  (@realvalladolid) <a href=\"https:\/\/twitter.com\/realvalladolid\/status\/1692601387148771357?ref_src=twsrc%5Etfw\">August 18, 2023<\/a><\/p><\/blockquote>\n<p><script async src=\"https:\/\/platform.twitter.com\/widgets.js\" charset=\"utf-8\"><\/script><\/p>\n<p>TEXTO EN ELABORACI\u00d3N<\/p>\n","protected":false},"excerpt":{"rendered":"<p>Lo que funciona no se toca y Fran Escrib\u00e1 ha decidido seguir al dedillo esta m\u00e1xima. El t\u00e9cnico repite en la visita del Valladolid la alineaci\u00f3n y el sistema en rombo que tan buenos resultados le dio en la victoria contra el Villarreal B. De los 24 citados, el descartado <a class=\"read-more\" href=\"https:\/\/principesdeparis.es\/principes\/escriba-repite-once-y-sistema\/\">Sigue leyendo<\/a><\/p>\n","protected":false},"author":2,"featured_media":12095,"comment_status":"open","ping_status":"open","sticky":false,"template":"","format":"standard","meta":{"footnotes":""},"categories":[13,1],"tags":[],"class_list":["post-12094","post","type-post","status-publish","format-standard","has-post-thumbnail","hentry","category-publicidad","category-real-zaragoza"],"_links":{"self":[{"href":"https:\/\/principesdeparis.es\/principes\/wp-json\/wp\/v2\/posts\/12094","targetHints":{"allow":["GET"]}}],"collection":[{"href":"https:\/\/principesdeparis.es\/principes\/wp-json\/wp\/v2\/posts"}],"about":[{"href":"https:\/\/principesdeparis.es\/principes\/wp-json\/wp\/v2\/types\/post"}],"author":[{"embeddable":true,"href":"https:\/\/principesdeparis.es\/principes\/wp-json\/wp\/v2\/users\/2"}],"replies":[{"embeddable":true,"href":"https:\/\/principesdeparis.es\/principes\/wp-json\/wp\/v2\/comments?post=12094"}],"version-history":[{"count":16,"href":"https:\/\/principesdeparis.es\/principes\/wp-json\/wp\/v2\/posts\/12094\/revisions"}],"predecessor-version":[{"id":12111,"href":"https:\/\/principesdeparis.es\/principes\/wp-json\/wp\/v2\/posts\/12094\/revisions\/12111"}],"wp:featuredmedia":[{"embeddable":true,"href":"https:\/\/principesdeparis.es\/principes\/wp-json\/wp\/v2\/media\/12095"}],"wp:attachment":[{"href":"https:\/\/principesdeparis.es\/principes\/wp-json\/wp\/v2\/media?parent=12094"}],"wp:term":[{"taxonomy":"category","embeddable":true,"href":"https:\/\/principesdeparis.es\/principes\/wp-json\/wp\/v2\/categories?post=12094"},{"taxonomy":"post_tag","embeddable":true,"href":"https:\/\/principesdeparis.es\/principes\/wp-json\/wp\/v2\/tags?post=12094"}],"curies":[{"name":"wp","href":"https:\/\/api.w.org\/{rel}","templated":true}]}}