{"id":12147,"date":"2023-08-22T13:47:56","date_gmt":"2023-08-22T13:47:56","guid":{"rendered":"https:\/\/principesdeparis.es\/principes\/?p=12147"},"modified":"2023-08-22T14:29:44","modified_gmt":"2023-08-22T14:29:44","slug":"tiene-mejor-equipo-escriba-que-popovic-natxo-o-victor-fernandez","status":"publish","type":"post","link":"https:\/\/principesdeparis.es\/principes\/tiene-mejor-equipo-escriba-que-popovic-natxo-o-victor-fernandez\/","title":{"rendered":"\u00bfTiene mejor equipo Escrib\u00e1 que Popovic, Natxo o V\u00edctor Fern\u00e1ndez?"},"content":{"rendered":"<p>Tres a\u00f1os vagando por el abismo, calcinados por confecciones deportivas bochornosas y cobard\u00edas econ\u00f3micas han sido borradas de un plumazo por la mayor\u00eda de los aficionados, que observan la segunda aventura de la multipropiedad y sobre todo la labor de Juan Carlos Cordero como una lluvia de man\u00e1 en el desierto. El arranque del Real Zaragoza, con dos victorias consecutivas en La Romareda que la han situado compartiendo el liderato con el Tenerife sin haber encajado un solo gol, y su f\u00fatbol personalizado, fruto de una plantilla minuciosamente diseccionada para extraer lo innecesario e implantar \u00f3rganos vitales para ser un conjunto competitivo, ha disparado un debate inevitable: \u00bftiene mejores herramientas en sus manos Fran Escrib\u00e1 que Popovic, Natxo Gonz\u00e1lez o V\u00edctor Fern\u00e1ndez, los tres entrenadores que en esta etapa en Segunda lograron alcanzar la promoci\u00f3n de ascenso? Este tipo de comparativas siempre hay que contextualizarlas, y exigen conocer el resultado final para calibrar con la mayor exactitud posible la confrontaci\u00f3n. Aun as\u00ed, se ha extendido la opini\u00f3n de que el t\u00e9cnico valenciano parte con ventaja frente a sus antecesores. Ilusi\u00f3n, esperanza, necesidad, presentimiento, seguridad y argumentos en la reflexi\u00f3n&#8230; El Real Zaragoza, por lo visto hasta el momento y a falta de alguna incorporaci\u00f3n m\u00e1s en el mercado de verano que finaliza el 1 de septiembre, presenta un aspecto muy saludable y una musculatura de hierro si se la equipara a su raqu\u00edtico y reciente pasado.<\/p>\n<p>El centro del campo muestra la principal se\u00f1al de robustecimiento con las especialidades de Aguado, Moya, Mesa, el estado de gracia galopante de Francho y lo que promete Valera. Bakis, Enrich y Mollejo, con el martillo de Az\u00f3n, han dibujado tambi\u00e9n un delantera polifac\u00e9tica y afilada. El fichaje de Mouri\u00f1o se antoja capital en un eje central defensivo donde Franc\u00e9s se ha rebelado contra su mal curso pasado con dos notables seguidos ante Villarreal B y Valladolid. En la porter\u00eda est\u00e1 Cristian&#8230; Un Real Zaragoza sin duda potente que amenaza con presentar batalla cada jornada, a todo enemigo al margen de su tama\u00f1o. \u00bfSer\u00e1 suficiente para meterse entre los seis primeros e incluso postularse por un regreso directo a Primera en una campa\u00f1a donde no se distingue con nitidez favorito alguno? La atm\u00f3sfera est\u00e1 cargada de optimismo, de euforia. Tambi\u00e9n de razones que habr\u00e1 que ratificar a cada paso de un campeonato fatigoso, en no pocas ocasiones imprevisible. \u00bfEscrib\u00e1 ha despegado con el mejor equipo de los once \u00faltimos a\u00f1os? Eso son palabras mayores. Una revisi\u00f3n a los jugadores de los que dispusieron Popovic despu\u00e9s de relevar a V\u00edctor Mu\u00f1oz, Natxo Gonz\u00e1lez y V\u00edctor Fern\u00e1ndez puede inducir a otra conclusi\u00f3n. El serbio se qued\u00f3 a seis minutos de la gloria en la final con el Las Palmas, mientras sus dos compa\u00f1eros se descabalgaron en la primera eliminatoria frente a Numancia y Elche. Para llegar a ese punto, contaron con vestuarios bastante apreciables.<\/p>\n<p>Borja Bast\u00f3n, Willian Jos\u00e9, Cabrera, Diego Rico, Bono, Mario, Vallejo, Dorca, Ruiz de Galarreta, Eldin, Pedro, o Jaime Romero formaban una columna vertebral muy atractiva y compacta, debilitada, eso s\u00ed, por un fondo de armario escaso, en muchos casos lejos del nivel de los habitualmente titulares. M\u00e1s de media doce de aquellos futbolistas tuvieron un futuro en destinos de alcurnia, lo que avala que aun siendo sus primeros pasos atesoraban calidad y talento. Con un poco menos de tron\u00edo, le dieron raz\u00f3n a su creador, Lalo Arantegui Cristian, Benito, Mikel Gonz\u00e1lez, Verdasca, Grippo, Eguaras, Zapater, Febas, Borja Iglesias, Toquero, Guti, Ros, Delm\u00e1s, Buff o Papunashvili le dieron la raz\u00f3n a su mentor, Lalo Arantegui, que con ese mestizaje consigui\u00f3 que, tras una primera vuelta ca\u00f3tica y una segunda milagrosa, el Real Zaragoza acabara tercero en la fase regular. V\u00edctor Fern\u00e1ndez, en su tercera etapa en el banquillo de La Romareda y tras evitar el descenso, dispuso de un n\u00f3mina de profesionales con sustancia. Cristian, Vigaray, Clemente, Guti, Eguaras, Igbekeme. Luis Su\u00e1rez, Soro, Dwamena &#8211;tuvo que parar por sus problemas card\u00edacos&#8211; y un Kagawa descorazonador que result\u00f3 ser un fiasco en su ocaso. El t\u00e9cnico aragon\u00e9s recibi\u00f3 un bal\u00f3n de ox\u00edgeno en la ventana invernal con Puado, El Yamiq y en menor medida Dani Torres, pero la pandemia y una gesti\u00f3n nefasta del par\u00f3n dinamitaron la opci\u00f3n de dar el salto definitivo. Con la perspectiva del tiempo, el pasado y el por venir, quiz\u00e1s aquel equipo de la 2014-2015 que se fue tejiendo sobre la marcha era el m\u00e1s completo, sin despreciar al de Carreras con gente a sus \u00f3rdenes como Manu Herrera, Iza, Mor\u00e1n, Hinestroza, \u00c1ngel, Pedro, Ortu\u00f1o, Diamanka&#8230;<\/p>\n<p>Este, el de Escrib\u00e1, parte con la ventaja de la pasi\u00f3n sin medida desatada en la grada, un combustible no tan visible en esas etapas pr\u00f3ximas al \u00e9xito, y tambi\u00e9n con una mayor amplitud en la plantilla. Son dos armas que le pueden situar en el podio del reconocimiento. Siempre y cuando suba a Primera, la vara de medir m\u00e1s exacta e implacable en esta comparativa.<\/p>\n<div id=\"polls-107\" class=\"wp-polls\">\n\t\t<p style=\"text-align: center;\"><strong>\u00bfQu\u00e9 equipo te parece m\u00e1s completo?<\/strong><\/p><div id=\"polls-107-ans\" class=\"wp-polls-ans\"><ul class=\"wp-polls-ul\">\n\t\t<li>El de Escrib\u00e1 <small>(78%, 64 Votos)<\/small><div class=\"pollbar\" style=\"width: 78%;\" title=\"El de Escrib\u00e1 (78% | 64 Votos)\"><\/div><\/li>\n\t\t<li>El de V\u00edctor Fern\u00e1ndez <small>(12%, 10 Votos)<\/small><div class=\"pollbar\" style=\"width: 12%;\" title=\"El de V\u00edctor Fern\u00e1ndez (12% | 10 Votos)\"><\/div><\/li>\n\t\t<li>El de Popovic <small>(7%, 6 Votos)<\/small><div class=\"pollbar\" style=\"width: 7%;\" title=\"El de Popovic (7% | 6 Votos)\"><\/div><\/li>\n\t\t<li>El de Carreras <small>(2%, 2 Votos)<\/small><div class=\"pollbar\" style=\"width: 2%;\" title=\"El de Carreras (2% | 2 Votos)\"><\/div><\/li>\n\t\t<\/ul><p style=\"text-align: center;\">Votantes totales: <strong>82<\/strong><\/p><\/div>\n\t\t<input type=\"hidden\" id=\"poll_107_nonce\" name=\"wp-polls-nonce\" value=\"03177de4b6\" \/>\n<\/div>\n<div id=\"polls-107-loading\" class=\"wp-polls-loading\"><img loading=\"lazy\" decoding=\"async\" src=\"https:\/\/principesdeparis.es\/principes\/wp-content\/plugins\/wp-polls\/images\/loading.gif\" width=\"16\" height=\"16\" alt=\"Cargando ...\" title=\"Cargando ...\" class=\"wp-polls-image\" \/>&nbsp;Cargando ...<\/div>\n\n<p><em>Foto Real Zaragoza<\/em><\/p>\n","protected":false},"excerpt":{"rendered":"<p>Tres a\u00f1os vagando por el abismo, calcinados por confecciones deportivas bochornosas y cobard\u00edas econ\u00f3micas han sido borradas de un plumazo por la mayor\u00eda de los aficionados, que observan la segunda aventura de la multipropiedad y sobre todo la labor de Juan Carlos Cordero como una lluvia de man\u00e1 en el <a class=\"read-more\" href=\"https:\/\/principesdeparis.es\/principes\/tiene-mejor-equipo-escriba-que-popovic-natxo-o-victor-fernandez\/\">Sigue leyendo<\/a><\/p>\n","protected":false},"author":2,"featured_media":12148,"comment_status":"open","ping_status":"open","sticky":false,"template":"","format":"standard","meta":{"footnotes":""},"categories":[13,1],"tags":[],"class_list":["post-12147","post","type-post","status-publish","format-standard","has-post-thumbnail","hentry","category-publicidad","category-real-zaragoza"],"_links":{"self":[{"href":"https:\/\/principesdeparis.es\/principes\/wp-json\/wp\/v2\/posts\/12147","targetHints":{"allow":["GET"]}}],"collection":[{"href":"https:\/\/principesdeparis.es\/principes\/wp-json\/wp\/v2\/posts"}],"about":[{"href":"https:\/\/principesdeparis.es\/principes\/wp-json\/wp\/v2\/types\/post"}],"author":[{"embeddable":true,"href":"https:\/\/principesdeparis.es\/principes\/wp-json\/wp\/v2\/users\/2"}],"replies":[{"embeddable":true,"href":"https:\/\/principesdeparis.es\/principes\/wp-json\/wp\/v2\/comments?post=12147"}],"version-history":[{"count":2,"href":"https:\/\/principesdeparis.es\/principes\/wp-json\/wp\/v2\/posts\/12147\/revisions"}],"predecessor-version":[{"id":12150,"href":"https:\/\/principesdeparis.es\/principes\/wp-json\/wp\/v2\/posts\/12147\/revisions\/12150"}],"wp:featuredmedia":[{"embeddable":true,"href":"https:\/\/principesdeparis.es\/principes\/wp-json\/wp\/v2\/media\/12148"}],"wp:attachment":[{"href":"https:\/\/principesdeparis.es\/principes\/wp-json\/wp\/v2\/media?parent=12147"}],"wp:term":[{"taxonomy":"category","embeddable":true,"href":"https:\/\/principesdeparis.es\/principes\/wp-json\/wp\/v2\/categories?post=12147"},{"taxonomy":"post_tag","embeddable":true,"href":"https:\/\/principesdeparis.es\/principes\/wp-json\/wp\/v2\/tags?post=12147"}],"curies":[{"name":"wp","href":"https:\/\/api.w.org\/{rel}","templated":true}]}}