{"id":12151,"date":"2023-08-22T22:07:30","date_gmt":"2023-08-22T22:07:30","guid":{"rendered":"https:\/\/principesdeparis.es\/principes\/?p=12151"},"modified":"2023-08-23T07:22:45","modified_gmt":"2023-08-23T07:22:45","slug":"manu-vallejo-la-guinda-en-un-canon-saturado","status":"publish","type":"post","link":"https:\/\/principesdeparis.es\/principes\/manu-vallejo-la-guinda-en-un-canon-saturado\/","title":{"rendered":"Manu Vallejo, la guinda en un ca\u00f1\u00f3n saturado"},"content":{"rendered":"<p style=\"text-align: center;\"><strong>El delantero gaditano llega cedido por una temporada del Girona para unirse a Bakis, Az\u00f3n y Enrich<\/strong><\/p>\n<p>Nunca puede ser una mala noticia el fichaje de un jugador como Manu Vallejo, que, sin embargo, a\u00fan no ha ofrecido lo que promet\u00eda cuando inici\u00f3 su carrera en el C\u00e1diz. Buscar\u00e1 una vez m\u00e1s su fortuna en el Real Zaragoza, donde, desvelado por el Peri\u00f3dico de Arag\u00f3n, llega cedido del Girona en otra maniobra de habilidad negociadora de Juan Carlos Cordero, quien pretend\u00eda al gaditano desde el pasado mercado invernal y suma con esta diez incorporaciones de cara a la temporada que comenz\u00f3 hace dos semanas. Una decena de futbolistas de los cuales seis son en propiedad (Poussin, Lecoeuche, Moya, Mesa, Enrich y Bakis) y cuatro cedidos (Mollejo, Valera, Mouri\u00f1o y el propio Vallejo, a pr\u00e9stamo con una opci\u00f3n de compra obligatoria en caso de ascenso). A sus 26 a\u00f1os, tras ver frustrado su objetivo de triunfar en Primera en el Valencia, que desembols\u00f3 5.5 millones de euros por sus servicios y encontr\u00f3 su mejor versi\u00f3n tan s\u00f3lo como revulsivo, el Alav\u00e9s y despu\u00e9s en el club catal\u00e1n al que pertenece hasta 2025, el punta ser\u00e1 presentado en La Romareda por el director deportivo con el que coincidi\u00f3 en C\u00e1diz.<\/p>\n<p>En apariencia, el atacante, un segunda punta a\u00fan pendiente con la asignatura del gol cuyo \u00faltimo destino ha sido el Real Oviedo de su tambi\u00e9n admirado \u00c1lvaro Cervera, ser\u00eda la guinda en la edificaci\u00f3n del nuevo proyecto que ha liderado Cordero. Si el ejecutivo da por cerrada la parcela de contrataciones como as\u00ed parece, se renunciar\u00eda a Beb\u00e9, o lo que es lo mismo, a un extremo que exteriorice de forma natural el juego de un Real Zaragoza muy interior. El ca\u00f1\u00f3n del conjunto aragon\u00e9s, una de las preocupaciones del director deportivo dado su raquitismo productivo en las \u00faltimas temporadas, se satura por lo tanto con una n\u00f3mina de futbolistas que sin ser coincidentes s\u00ed comparten aspectos similares. Por ahora Esrib\u00e1 ha apostado por Bakis y. Az\u00f3n, que no se han estrenado de cara a puerta, y ahora se le abre un abanico de posibilidades muy amplio con Vallejo, otro visitador del \u00e1rea, y del veterano Enrich a la espera de su oportunidad. Para variantes arriba quedan Mollejo, m\u00e1s proclive a ir de fuera a dentro y un Maikel Mesa que podr\u00eda flotar en esa zona por su clarividencia en la definici\u00f3n y en la llegada por sorpresa.<\/p>\n<p>El Real Zaragoza se ha poblado de pistoleros de los que s\u00f3lo Enrich tiene fama bien ganada de matador habitual, adem\u00e1s en la \u00e9lite; Bakis se gradu\u00f3 con una docena de tantos en el Andorra en su primera experiencia en el f\u00fatbol espa\u00f1ol y un potencial realizador discreto por ligas intermedias de Europa; Az\u00f3n se hizo grande como bombero en los infiernos, con dianas salvadoras y un esp\u00edritu de lucha impagable, pero a\u00fan estudia clases de definici\u00f3n, y Vallejo aterriza para reivindicarse de una vez como finalizador. La delantera de Escrib\u00e1 huele a p\u00f3lvora sin saberse todav\u00eda qui\u00e9n o quienes encender\u00e1n la mecha, por cu\u00e1les terminar\u00e1 decant\u00e1ndose el t\u00e9cnico ahora que su cartuchera rebosa de balas de un calibre con bastantes <\/p>\n<blockquote class=\"twitter-tweet\">\n<p lang=\"es\" dir=\"ltr\">&#x1f499; <a href=\"https:\/\/twitter.com\/hashtag\/BienvenidoVallejo?src=hash&amp;ref_src=twsrc%5Etfw\">#BienvenidoVallejo<\/a> &#x1f90d;<\/p>\n<p>\u00a1Manu Vallejo se une al Real Zaragoza!<\/p>\n<p>&mdash; Real Zaragoza &#x1f981; (@RealZaragoza) <a href=\"https:\/\/twitter.com\/RealZaragoza\/status\/1694243260024144200?ref_src=twsrc%5Etfw\">August 23, 2023<\/a><\/p><\/blockquote>\n<p> <script async src=\"https:\/\/platform.twitter.com\/widgets.js\" charset=\"utf-8\"><\/script>afinidades.<\/p>\n<blockquote class=\"twitter-tweet\">\n<p lang=\"es\" dir=\"ltr\">&#x1f933;<\/p>\n<p>Manu Vallejo, \u00a1listo para entrenar!<a href=\"https:\/\/twitter.com\/hashtag\/BienvenidoVallejo?src=hash&amp;ref_src=twsrc%5Etfw\">#BienvenidoVallejo<\/a> &#x1f499;&#x1f90d; <a href=\"https:\/\/t.co\/VbIev9DIjT\">pic.twitter.com\/VbIev9DIjT<\/a><\/p>\n<p>&mdash; Real Zaragoza &#x1f981; (@RealZaragoza) <a href=\"https:\/\/twitter.com\/RealZaragoza\/status\/1694248621569359949?ref_src=twsrc%5Etfw\">August 23, 2023<\/a><\/p><\/blockquote>\n<p> <script async src=\"https:\/\/platform.twitter.com\/widgets.js\" charset=\"utf-8\"><\/script><\/p>\n","protected":false},"excerpt":{"rendered":"<p>El delantero gaditano llega cedido por una temporada del Girona para unirse a Bakis, Az\u00f3n y Enrich Nunca puede ser una mala noticia el fichaje de un jugador como Manu Vallejo, que, sin embargo, a\u00fan no ha ofrecido lo que promet\u00eda cuando inici\u00f3 su carrera en el C\u00e1diz. Buscar\u00e1 una <a class=\"read-more\" href=\"https:\/\/principesdeparis.es\/principes\/manu-vallejo-la-guinda-en-un-canon-saturado\/\">Sigue leyendo<\/a><\/p>\n","protected":false},"author":2,"featured_media":12152,"comment_status":"open","ping_status":"open","sticky":false,"template":"","format":"standard","meta":{"footnotes":""},"categories":[13,1],"tags":[],"class_list":["post-12151","post","type-post","status-publish","format-standard","has-post-thumbnail","hentry","category-publicidad","category-real-zaragoza"],"_links":{"self":[{"href":"https:\/\/principesdeparis.es\/principes\/wp-json\/wp\/v2\/posts\/12151","targetHints":{"allow":["GET"]}}],"collection":[{"href":"https:\/\/principesdeparis.es\/principes\/wp-json\/wp\/v2\/posts"}],"about":[{"href":"https:\/\/principesdeparis.es\/principes\/wp-json\/wp\/v2\/types\/post"}],"author":[{"embeddable":true,"href":"https:\/\/principesdeparis.es\/principes\/wp-json\/wp\/v2\/users\/2"}],"replies":[{"embeddable":true,"href":"https:\/\/principesdeparis.es\/principes\/wp-json\/wp\/v2\/comments?post=12151"}],"version-history":[{"count":4,"href":"https:\/\/principesdeparis.es\/principes\/wp-json\/wp\/v2\/posts\/12151\/revisions"}],"predecessor-version":[{"id":12157,"href":"https:\/\/principesdeparis.es\/principes\/wp-json\/wp\/v2\/posts\/12151\/revisions\/12157"}],"wp:featuredmedia":[{"embeddable":true,"href":"https:\/\/principesdeparis.es\/principes\/wp-json\/wp\/v2\/media\/12152"}],"wp:attachment":[{"href":"https:\/\/principesdeparis.es\/principes\/wp-json\/wp\/v2\/media?parent=12151"}],"wp:term":[{"taxonomy":"category","embeddable":true,"href":"https:\/\/principesdeparis.es\/principes\/wp-json\/wp\/v2\/categories?post=12151"},{"taxonomy":"post_tag","embeddable":true,"href":"https:\/\/principesdeparis.es\/principes\/wp-json\/wp\/v2\/tags?post=12151"}],"curies":[{"name":"wp","href":"https:\/\/api.w.org\/{rel}","templated":true}]}}