{"id":12161,"date":"2023-08-23T16:54:07","date_gmt":"2023-08-23T16:54:07","guid":{"rendered":"https:\/\/principesdeparis.es\/principes\/?p=12161"},"modified":"2023-08-23T17:24:24","modified_gmt":"2023-08-23T17:24:24","slug":"cordero-da-por-completa-la-plantilla-en-la-presentacion-de-un-vallejo-que-quiere-aportar-gol","status":"publish","type":"post","link":"https:\/\/principesdeparis.es\/principes\/cordero-da-por-completa-la-plantilla-en-la-presentacion-de-un-vallejo-que-quiere-aportar-gol\/","title":{"rendered":"Cordero da por completa la plantilla en la presentaci\u00f3n de un Vallejo que quiere aportar gol"},"content":{"rendered":"<p><strong>Juan Carlos Cordero<\/strong>, sin asegurar de forma tajante en la presentaci\u00f3n de Manu Vallejo que haya acabado su trabajo en esta ventana estival, s\u00ed ha sido concluyente en que, por su parte y salvo imprevistos, la plantilla que ha configurado es la que quer\u00eda tanto en el apartado de entradas como de salidas.\u00a0 \u00abLa llegada de Manu completa la plantilla. A ocho d\u00edas del cierre del mercado,\u00a0 seguiremos atentos. Tenemos lo que quer\u00edamos, pero cerrados no estamos\u00bb. Sobre la dificultad, ahora mayor, de que Beb\u00e9 regrese a La Romareda, el ejecutivo ha esquivado en esta ocasi\u00f3n hacer alusi\u00f3n alguna al extremo. \u00abNo suelo hablar de jugadores que no son nuestros\u00bb. Su satisfacci\u00f3n con el perfil del nuevo equipo es absoluta. \u00abHay dos jugadores por puesto y algunos que se pueden a adaptar\u00a0 diferentes posiciones. Tambi\u00e9n disponemos de gente del filial que pueden aportar como ha demostrado en la pretemporada. Estamos contentos\u00bb.<\/p>\n<p><strong>Manu Vallejo<\/strong>, por su parte, ha explicado el porqu\u00e9 ha recalado en el Real Zaragoza.\u00a0 \u00abCreo que el Real Zaragoza es ya de por s\u00ed muy grande, y ha influido que la llamada venga de Juan Carlos Cordero, quien me conoce mejor que nadie de mi etapa en el C\u00e1diz y sabe de mis cualidades. Mi primera opci\u00f3n era pelear un puesto en el Girona, pero viendo lo que ocurr\u00eda all\u00ed y la dimensi\u00f3n del proyecto que me present\u00f3 Juan Carlos hizo que me decidiera por este equipo. Percibo las ganas y la ilusi\u00f3n de esta plantilla por conseguir cosas bonitas y quiero formar parte de todo esto\u00bb, ha comentado el punta gaditano de 26 a\u00f1os, que llega como cedido por una temporada con una opci\u00f3n de compra obligatoria en caso de ascenso.<\/p>\n<p>El atacante, que ha visto parte de los encuentros que el conjunto aragon\u00e9s ha disputado en La Romareda \u00abporque sab\u00eda de su inter\u00e9s por m\u00ed\u00bb,\u00a0 subraya la importancia de \u00abhaber ganado en esas primeras jornadas porque hacerlo de manera consecutiva en esta categor\u00eda es muy dif\u00edcil. Esperemos seguir en Tenerife con esta racha\u00bb. Vallejo ha confirmado que est\u00e1 para participar desde el principio \u00abporque no he dejado de entrenarme un solo d\u00eda. He hablado con el m\u00edster esta ma\u00f1ana\u00bb. Sobre lo que puede sumar al Real Zaragoza, ha dicho que \u00abfrescura, ilusi\u00f3n y ganas. Tambi\u00e9n gol y ojal\u00e1 meta cuantos m\u00e1s mejor\u00bb, y respecto a sus sinton\u00eda con Sergi Enrich, explica que \u00abes una persona espectacular, de diez. Jugu\u00e9 con \u00e9l en el Oviedo y te hace las cosas f\u00e1ciles porque lo da todo el campo. Es f\u00e1cil entenderse con \u00e9l\u00bb. Vallejo se define como \u00abun segunda punta al que le gusta caer a la izquierda, cerca del \u00e1rea, que es donde mejor me encuentro y me muevo\u00bb.<\/p>\n<p>La delantera ya tiene cuatro inquilinos, y todos no pueden jugar. \u00abLa competencia nos hace mejores a todos. En una Liga tan larga vamos a necesitar de todos y debemos ayudarnos porque con tantos partidos todos vamos a ser importantes\u00bb. Su experiencia es uno de los valores que se quiere explotar, pero el futbolista de Chiclana establece otros valores. \u00abEl f\u00fatbol no va s\u00f3lo de experiencias. Al final influyen m\u00e1s la ilusi\u00f3n y las ganas. Somos una plantilla joven y eso tiene su peso\u00bb. En cuanto a la atm\u00f3sfera que se respira entre la afici\u00f3n, todo euforia y esperanza, opina que\u00a0 \u00abse respira futbol por los cuatro costados, con la gente muy animada. El club, por su grandeza, club merece estemos a su altura. Eso s\u00ed, yendo partido a partido para podernos marcar un objetivo concreto.<\/p>\n<p>&nbsp;<\/p>\n<blockquote class=\"twitter-tweet\">\n<p lang=\"lv\" dir=\"ltr\">   1&#xfe0f;&#x20e3;9&#xfe0f;&#x20e3; <a href=\"https:\/\/t.co\/0ASKksKje6\">pic.twitter.com\/0ASKksKje6<\/a><\/p>\n<p>&mdash; Real Zaragoza  (@RealZaragoza) <a href=\"https:\/\/twitter.com\/RealZaragoza\/status\/1694389675643793681?ref_src=twsrc%5Etfw\">August 23, 2023<\/a><\/p><\/blockquote>\n<p> <script async src=\"https:\/\/platform.twitter.com\/widgets.js\" charset=\"utf-8\"><\/script><\/p>\n","protected":false},"excerpt":{"rendered":"<p>Juan Carlos Cordero, sin asegurar de forma tajante en la presentaci\u00f3n de Manu Vallejo que haya acabado su trabajo en esta ventana estival, s\u00ed ha sido concluyente en que, por su parte y salvo imprevistos, la plantilla que ha configurado es la que quer\u00eda tanto en el apartado de entradas <a class=\"read-more\" href=\"https:\/\/principesdeparis.es\/principes\/cordero-da-por-completa-la-plantilla-en-la-presentacion-de-un-vallejo-que-quiere-aportar-gol\/\">Sigue leyendo<\/a><\/p>\n","protected":false},"author":2,"featured_media":12167,"comment_status":"open","ping_status":"open","sticky":false,"template":"","format":"standard","meta":{"footnotes":""},"categories":[13,1],"tags":[],"class_list":["post-12161","post","type-post","status-publish","format-standard","has-post-thumbnail","hentry","category-publicidad","category-real-zaragoza"],"_links":{"self":[{"href":"https:\/\/principesdeparis.es\/principes\/wp-json\/wp\/v2\/posts\/12161","targetHints":{"allow":["GET"]}}],"collection":[{"href":"https:\/\/principesdeparis.es\/principes\/wp-json\/wp\/v2\/posts"}],"about":[{"href":"https:\/\/principesdeparis.es\/principes\/wp-json\/wp\/v2\/types\/post"}],"author":[{"embeddable":true,"href":"https:\/\/principesdeparis.es\/principes\/wp-json\/wp\/v2\/users\/2"}],"replies":[{"embeddable":true,"href":"https:\/\/principesdeparis.es\/principes\/wp-json\/wp\/v2\/comments?post=12161"}],"version-history":[{"count":7,"href":"https:\/\/principesdeparis.es\/principes\/wp-json\/wp\/v2\/posts\/12161\/revisions"}],"predecessor-version":[{"id":12169,"href":"https:\/\/principesdeparis.es\/principes\/wp-json\/wp\/v2\/posts\/12161\/revisions\/12169"}],"wp:featuredmedia":[{"embeddable":true,"href":"https:\/\/principesdeparis.es\/principes\/wp-json\/wp\/v2\/media\/12167"}],"wp:attachment":[{"href":"https:\/\/principesdeparis.es\/principes\/wp-json\/wp\/v2\/media?parent=12161"}],"wp:term":[{"taxonomy":"category","embeddable":true,"href":"https:\/\/principesdeparis.es\/principes\/wp-json\/wp\/v2\/categories?post=12161"},{"taxonomy":"post_tag","embeddable":true,"href":"https:\/\/principesdeparis.es\/principes\/wp-json\/wp\/v2\/tags?post=12161"}],"curies":[{"name":"wp","href":"https:\/\/api.w.org\/{rel}","templated":true}]}}