{"id":12170,"date":"2023-08-24T06:33:46","date_gmt":"2023-08-24T06:33:46","guid":{"rendered":"https:\/\/principesdeparis.es\/principes\/?p=12170"},"modified":"2023-08-24T06:33:46","modified_gmt":"2023-08-24T06:33:46","slug":"un-flash-sin-motivos","status":"publish","type":"post","link":"https:\/\/principesdeparis.es\/principes\/un-flash-sin-motivos\/","title":{"rendered":"Un flash sin motivos"},"content":{"rendered":"<p>Este verano est\u00e1 siendo muy positivo para el Real Zaragoza en su totalidad al margen del calor que nos est\u00e1 aplastando sobre el cemento cuando vamos por la calle y nos hace imposible dormir por las noches. No quiero ni pensar si estuvieran el amigo Montes Torrecilla como director deportivo o jugadores como Pape, Igbekeme o Sabin Merino (que a\u00fan pertenece a la plantilla zaragocista).<\/p>\n<p>La ilusi\u00f3n, totalmente justificada, comenz\u00f3 con la renovaci\u00f3n de los abonos antes de terminar el mes de junio y se prolong\u00f3 con la confianza de la afici\u00f3n al mismo tiempo que Juan Carlos Cordero cumpl\u00eda escrupulosamente con sus compromisos. Salidas incluidas, que han supuesto una descarga formidable en una plantilla completa. Ayer recibimos a Manu Vallejo que mostr\u00f3 su alegr\u00eda por estar en Zaragoza y competir por un puesto muy dif\u00edcil dada la confecci\u00f3n del grupo. Como tambi\u00e9n la alegr\u00eda del banquillo con jugadores que apenas han tenido minutos o incluso no han debutado, que saltaban a saludar al p\u00fablico al finalizar el partido contra el Valladolid.<\/p>\n<p>Lo \u00fanico que me preocupa es que el once titular que decida Fran Escrib\u00e1 ante el Tenerife no compita desde antes de comenzar el choque; quiero decir, que se deje llevar emocionalmente por las dos victorias consecutivas y sea sorprendido por un adversario que saldr\u00e1 con mucha intensidad al terreno de juego. Es algo mental, involuntario, colectivo o individual, pero que puede cambiar la filosof\u00eda del encuentro en caso de encajar un gol.<\/p>\n<p>Es hablar por no callar, la costumbre de esperar que algo salga mal cuando las cosas van bien por los diez a\u00f1os anteriores de fracasos, penalidades y desgracias. Es solamente un flash que proviene de las neuronas pesimistas y que no tiene motivos en absoluto de ocurrir. El partido hay que jugarlo y, como bien sabe Escrib\u00e1, si no se puede ganar que no se termine perdiendo.<\/p>\n","protected":false},"excerpt":{"rendered":"<p>Este verano est\u00e1 siendo muy positivo para el Real Zaragoza en su totalidad al margen del calor que nos est\u00e1 aplastando sobre el cemento cuando vamos por la calle y nos hace imposible dormir por las noches. No quiero ni pensar si estuvieran el amigo Montes Torrecilla como director deportivo <a class=\"read-more\" href=\"https:\/\/principesdeparis.es\/principes\/un-flash-sin-motivos\/\">Sigue leyendo<\/a><\/p>\n","protected":false},"author":2,"featured_media":11824,"comment_status":"open","ping_status":"open","sticky":false,"template":"","format":"standard","meta":{"footnotes":""},"categories":[16,13],"tags":[],"class_list":["post-12170","post","type-post","status-publish","format-standard","has-post-thumbnail","hentry","category-el10","category-publicidad"],"_links":{"self":[{"href":"https:\/\/principesdeparis.es\/principes\/wp-json\/wp\/v2\/posts\/12170","targetHints":{"allow":["GET"]}}],"collection":[{"href":"https:\/\/principesdeparis.es\/principes\/wp-json\/wp\/v2\/posts"}],"about":[{"href":"https:\/\/principesdeparis.es\/principes\/wp-json\/wp\/v2\/types\/post"}],"author":[{"embeddable":true,"href":"https:\/\/principesdeparis.es\/principes\/wp-json\/wp\/v2\/users\/2"}],"replies":[{"embeddable":true,"href":"https:\/\/principesdeparis.es\/principes\/wp-json\/wp\/v2\/comments?post=12170"}],"version-history":[{"count":1,"href":"https:\/\/principesdeparis.es\/principes\/wp-json\/wp\/v2\/posts\/12170\/revisions"}],"predecessor-version":[{"id":12171,"href":"https:\/\/principesdeparis.es\/principes\/wp-json\/wp\/v2\/posts\/12170\/revisions\/12171"}],"wp:featuredmedia":[{"embeddable":true,"href":"https:\/\/principesdeparis.es\/principes\/wp-json\/wp\/v2\/media\/11824"}],"wp:attachment":[{"href":"https:\/\/principesdeparis.es\/principes\/wp-json\/wp\/v2\/media?parent=12170"}],"wp:term":[{"taxonomy":"category","embeddable":true,"href":"https:\/\/principesdeparis.es\/principes\/wp-json\/wp\/v2\/categories?post=12170"},{"taxonomy":"post_tag","embeddable":true,"href":"https:\/\/principesdeparis.es\/principes\/wp-json\/wp\/v2\/tags?post=12170"}],"curies":[{"name":"wp","href":"https:\/\/api.w.org\/{rel}","templated":true}]}}