{"id":12212,"date":"2023-08-25T11:53:45","date_gmt":"2023-08-25T11:53:45","guid":{"rendered":"https:\/\/principesdeparis.es\/principes\/?p=12212"},"modified":"2023-08-25T12:01:55","modified_gmt":"2023-08-25T12:01:55","slug":"la-entra-de-vallejo-deja-la-citacion-sin-presencia-del-filial","status":"publish","type":"post","link":"https:\/\/principesdeparis.es\/principes\/la-entra-de-vallejo-deja-la-citacion-sin-presencia-del-filial\/","title":{"rendered":"La entrada de Vallejo deja la citaci\u00f3n sin presencia del filial"},"content":{"rendered":"<p>La entrada en la convocatoria para Tenerife de Manu Vallejo, reci\u00e9n llegado al Real Zaragoza cedido por el Girona, deja por primera vez esta temporada la citaci\u00f3n sin presencia de jugador del filial, casos de Cuenca y Pablo Cort\u00e9s, los \u00faltimos en ser reclamados para el encuentro ante el Valladolid.\u00a0 Fran Escrib\u00e1 contar\u00e1 por primera vez con todos los jugadores que le ha proporcionado Juan Carlos Cordero, diez en total: Poussin, Lecoeuche, Mouri\u00f1o, Moya, Mesa, Valera, Bakis, Enrich, Mollejo y Vallejo.<\/p>\n<blockquote class=\"twitter-tweet\">\n<p lang=\"es\" dir=\"ltr\"> Rumbo a   <a href=\"https:\/\/t.co\/ddRFzwxhwo\">pic.twitter.com\/ddRFzwxhwo<\/a><\/p>\n<p>&mdash; Real Zaragoza  (@RealZaragoza) <a href=\"https:\/\/twitter.com\/RealZaragoza\/status\/1695043349281902747?ref_src=twsrc%5Etfw\">August 25, 2023<\/a><\/p><\/blockquote>\n<p> <script async src=\"https:\/\/platform.twitter.com\/widgets.js\" charset=\"utf-8\"><\/script><\/p>\n","protected":false},"excerpt":{"rendered":"<p>La entrada en la convocatoria para Tenerife de Manu Vallejo, reci\u00e9n llegado al Real Zaragoza cedido por el Girona, deja por primera vez esta temporada la citaci\u00f3n sin presencia de jugador del filial, casos de Cuenca y Pablo Cort\u00e9s, los \u00faltimos en ser reclamados para el encuentro ante el Valladolid.\u00a0 <a class=\"read-more\" href=\"https:\/\/principesdeparis.es\/principes\/la-entra-de-vallejo-deja-la-citacion-sin-presencia-del-filial\/\">Sigue leyendo<\/a><\/p>\n","protected":false},"author":2,"featured_media":12213,"comment_status":"open","ping_status":"open","sticky":false,"template":"","format":"standard","meta":{"footnotes":""},"categories":[13,1],"tags":[],"class_list":["post-12212","post","type-post","status-publish","format-standard","has-post-thumbnail","hentry","category-publicidad","category-real-zaragoza"],"_links":{"self":[{"href":"https:\/\/principesdeparis.es\/principes\/wp-json\/wp\/v2\/posts\/12212","targetHints":{"allow":["GET"]}}],"collection":[{"href":"https:\/\/principesdeparis.es\/principes\/wp-json\/wp\/v2\/posts"}],"about":[{"href":"https:\/\/principesdeparis.es\/principes\/wp-json\/wp\/v2\/types\/post"}],"author":[{"embeddable":true,"href":"https:\/\/principesdeparis.es\/principes\/wp-json\/wp\/v2\/users\/2"}],"replies":[{"embeddable":true,"href":"https:\/\/principesdeparis.es\/principes\/wp-json\/wp\/v2\/comments?post=12212"}],"version-history":[{"count":4,"href":"https:\/\/principesdeparis.es\/principes\/wp-json\/wp\/v2\/posts\/12212\/revisions"}],"predecessor-version":[{"id":12217,"href":"https:\/\/principesdeparis.es\/principes\/wp-json\/wp\/v2\/posts\/12212\/revisions\/12217"}],"wp:featuredmedia":[{"embeddable":true,"href":"https:\/\/principesdeparis.es\/principes\/wp-json\/wp\/v2\/media\/12213"}],"wp:attachment":[{"href":"https:\/\/principesdeparis.es\/principes\/wp-json\/wp\/v2\/media?parent=12212"}],"wp:term":[{"taxonomy":"category","embeddable":true,"href":"https:\/\/principesdeparis.es\/principes\/wp-json\/wp\/v2\/categories?post=12212"},{"taxonomy":"post_tag","embeddable":true,"href":"https:\/\/principesdeparis.es\/principes\/wp-json\/wp\/v2\/tags?post=12212"}],"curies":[{"name":"wp","href":"https:\/\/api.w.org\/{rel}","templated":true}]}}