{"id":12250,"date":"2023-08-27T16:16:27","date_gmt":"2023-08-27T16:16:27","guid":{"rendered":"https:\/\/principesdeparis.es\/principes\/?p=12250"},"modified":"2023-08-28T11:33:10","modified_gmt":"2023-08-28T11:33:10","slug":"jair-el-halcon-goleador","status":"publish","type":"post","link":"https:\/\/principesdeparis.es\/principes\/jair-el-halcon-goleador\/","title":{"rendered":"Jair, el halc\u00f3n goleador"},"content":{"rendered":"<p>Jair s\u00f3lo abandona su nido de halc\u00f3n defensivo cuando el aire que sopla en ataque le anuncia una presa mayor. Emigra hacia el \u00e1rea, silencia el cascabel, se sit\u00faa en el angosto desfiladero de los centrales y la cresta en forma de trenza que engalana su cabeza se eriza para que el lanzador a bal\u00f3n parado detecte su posici\u00f3n. Su vuelo provoca, contacte o no con el env\u00edo de un compa\u00f1ero, un estado de alerta m\u00e1xima en el enemigo, que sabe que el central, de una u otra manera, se va a lanzar a tumba abierta. Si llega de frente, el impacto de su frente suena apocal\u00edptico; si acaricia la pelota en el salto, despierta el caos y a las hienas que acuden a por los restos; si tiene que recurrir a sus garras, como ocurri\u00f3 en el Heliodoro para dar la victoria al Real Zaragoza, arranca las entra\u00f1as de la porter\u00eda.<\/p>\n<p>El portugu\u00e9s es una animal fant\u00e1stico para esta categor\u00eda, un futbolista que lleg\u00f3 tarde a la cacer\u00eda del f\u00fatbol profesional y que con su naturaleza por lo general destructora, comanda la retaguardia del conjunto aragon\u00e9s desde hace cuatro temporadas. Casi siempre con Franc\u00e9s a su lado, un curso con Llu\u00eds L\u00f3pez. Con 34 a\u00f1os y un contrato reci\u00e9n firmado hasta 2025, conserva una figura y un rendimiento atl\u00e9ticos que expresa mejor que nadie en la disciplina del salto de altura. Pura fibra at\u00f3mica, es veloz, \u00e1gil y contundente incluso consigo mismo: el pulcro conocimiento que tiene de sus virtudes\u00a0 y limitaciones le desaconseja cualquiera tipo de licencias de lucimiento. Corta y rasga para evitar hemorragias de su equipo.<\/p>\n<p>El s\u00e1bado, cuando el Real Zaragoza, acusaba los latigazos del Tenerife, Jair cambio el encuentro con su tanto, el sexto que consigue con la camiseta de su actual club. Se estren\u00f3 en Sabadell para adelantar a un equipo que acabar\u00eda empatando (1-1). En el Carlos Tartiere puso el 1-2 en un partido loco que finaliz\u00f3 3-3 y fue la pasada temporada donde descorch\u00f3 su mejor versi\u00f3n goleadora. Firm\u00f3 el 0-1 en Burgos (2-2), el 1-1 ante el Ibiza en casa (2-1) y el 0-1 en Eibar (1-1). En la isla, por primera vez, una diana suya sirvi\u00f3 el triunfo.<\/p>\n<p>Aguado 29, Garc\u00eda Cortes 21, Juanito 16, Antic 9, Belsue 9, \u00c1lvaro Maior 8, Lasa 7 y Diogo 7 (la etapa de Violeta de central al margen) son los defensas zaragocistas que en m\u00e1s ocasiones han visto puerta en sus diferentes carreras. Jair Amador ha alcanzado la medida docena, todos en Segunda, con su alma de ave de presa. Si la jugada lo pide, continuar\u00e1 circunvalado la coronilla de la defensa enemiga. En silencio, poniendo los pelos de punta a sus marcadores cuando su sombra alada caiga sobre un centro que pide ser capturado.<\/p>\n","protected":false},"excerpt":{"rendered":"<p>Jair s\u00f3lo abandona su nido de halc\u00f3n defensivo cuando el aire que sopla en ataque le anuncia una presa mayor. Emigra hacia el \u00e1rea, silencia el cascabel, se sit\u00faa en el angosto desfiladero de los centrales y la cresta en forma de trenza que engalana su cabeza se eriza para <a class=\"read-more\" href=\"https:\/\/principesdeparis.es\/principes\/jair-el-halcon-goleador\/\">Sigue leyendo<\/a><\/p>\n","protected":false},"author":2,"featured_media":12251,"comment_status":"open","ping_status":"open","sticky":false,"template":"","format":"standard","meta":{"footnotes":""},"categories":[13,1],"tags":[],"class_list":["post-12250","post","type-post","status-publish","format-standard","has-post-thumbnail","hentry","category-publicidad","category-real-zaragoza"],"_links":{"self":[{"href":"https:\/\/principesdeparis.es\/principes\/wp-json\/wp\/v2\/posts\/12250","targetHints":{"allow":["GET"]}}],"collection":[{"href":"https:\/\/principesdeparis.es\/principes\/wp-json\/wp\/v2\/posts"}],"about":[{"href":"https:\/\/principesdeparis.es\/principes\/wp-json\/wp\/v2\/types\/post"}],"author":[{"embeddable":true,"href":"https:\/\/principesdeparis.es\/principes\/wp-json\/wp\/v2\/users\/2"}],"replies":[{"embeddable":true,"href":"https:\/\/principesdeparis.es\/principes\/wp-json\/wp\/v2\/comments?post=12250"}],"version-history":[{"count":5,"href":"https:\/\/principesdeparis.es\/principes\/wp-json\/wp\/v2\/posts\/12250\/revisions"}],"predecessor-version":[{"id":12256,"href":"https:\/\/principesdeparis.es\/principes\/wp-json\/wp\/v2\/posts\/12250\/revisions\/12256"}],"wp:featuredmedia":[{"embeddable":true,"href":"https:\/\/principesdeparis.es\/principes\/wp-json\/wp\/v2\/media\/12251"}],"wp:attachment":[{"href":"https:\/\/principesdeparis.es\/principes\/wp-json\/wp\/v2\/media?parent=12250"}],"wp:term":[{"taxonomy":"category","embeddable":true,"href":"https:\/\/principesdeparis.es\/principes\/wp-json\/wp\/v2\/categories?post=12250"},{"taxonomy":"post_tag","embeddable":true,"href":"https:\/\/principesdeparis.es\/principes\/wp-json\/wp\/v2\/tags?post=12250"}],"curies":[{"name":"wp","href":"https:\/\/api.w.org\/{rel}","templated":true}]}}