{"id":12364,"date":"2023-09-05T12:21:47","date_gmt":"2023-09-05T12:21:47","guid":{"rendered":"https:\/\/principesdeparis.es\/principes\/?p=12364"},"modified":"2023-09-05T12:21:47","modified_gmt":"2023-09-05T12:21:47","slug":"entre-lo-que-dice-el-corazon-y-dicta-la-cabeza","status":"publish","type":"post","link":"https:\/\/principesdeparis.es\/principes\/entre-lo-que-dice-el-corazon-y-dicta-la-cabeza\/","title":{"rendered":"Entre lo que dice el coraz\u00f3n y dicta la cabeza"},"content":{"rendered":"<p style=\"text-align: center;\"><strong>La ausencia de Franc\u00e9s en Cartagena abre las puertas de la titularidad a Llu\u00eds L\u00f3pez, a quien Escrib\u00e1 considera un relevo v\u00e1lido y un comprometido animador de vestuario, pero la apuesta por Santiago Mouri\u00f1o, un central de gran proyecci\u00f3n y presente, ser\u00eda tambi\u00e9n una decisi\u00f3n correcta<\/strong><\/p>\n<p>Posiblemente Fran Escrib\u00e1 tenga bien claro qui\u00e9n ser\u00e1 el futbolista que releve en defensa a Alejandro Franc\u00e9s frente al Cartagena, que se asusentar\u00e1 esta jornada al hallarse, al igual que Iv\u00e1n Az\u00f3n, con la selecci\u00f3n sub espa\u00f1ola 21 de Santi Denia. El t\u00e9cnico, siempre que ha podido, ha elogiado la figura de Llu\u00eds L\u00f3pez en lo deportivo y en lo humano, destacando su cualificaci\u00f3n profesional y, a la vez, su aportaci\u00f3n en el vestuario para favorecer la atm\u00f3sfera m\u00e1s positiva posible en un vestuario que le ha elegido entre los cinco capitanes del equipo. El catal\u00e1n, salvo sorpresa, debutar\u00e1 esta temporada para sustituir a un compa\u00f1ero en estado de gracia, miembro de un escuadr\u00f3n completado por Cristian, G\u00e1mez, Jair y Nieto, que ha permitido que el Real Zaragoza sea el \u00fanico equipo que a\u00fan no ha encajado un gol en la categor\u00eda. L\u00f3pez ha permanecido paciente en la sombra, pero my visible en todas las celebraciones, contagiando alegr\u00eda y compromiso.<\/p>\n<p>Con el coraz\u00f3n en la mano y sus alabanzas en el aire, Escrib\u00e1 incluir\u00e1 en el once a L\u00f3pez. Ya lo hizo la temporada anterior, donde desbanc\u00f3 a un Franc\u00e9s irreconocible. Su primera experiencia en el conjunto aragon\u00e9s, procedente del Espanyol con la carta de libertad, discurri\u00f3 m\u00e1s entre las sombras. Su asociaci\u00f3n con Jair el curso pasado tras la lesi\u00f3n de Franc\u00e9s mostr\u00f3 a un jugador m\u00e1s maduro, correcto y regular, notable cabeceador a bal\u00f3n parado, pero el club tuvo sus dudas con las dos ejercicios adicionales que ten\u00eda de contrato para m\u00e1s adelante ofrecerle una renovaci\u00f3n sin la mejora econ\u00f3mica que estaba acordada. Ganaba cerca de 250.000 euros y pasar\u00eda a percibir 400.000, lo que condujo a varios meses de dura negociaci\u00f3n. Al final, Cordero, que le hab\u00eda solicitado a pr\u00e9stamo en su etapa en el Tenerife y tiene buen concepto del defensor, alcanz\u00f3 un entendimiento con su agencia de representaci\u00f3n respetando ese par de campa\u00f1as y sumando una adicional pero rebajando la cifra en el nuevo compromiso.<\/p>\n<p>Llu\u00eds L\u00f3pez, con Franc\u00e9s y Jair en forma, es un buen tercer central, formal en momentos concretos cuando es reclamado en la alineaci\u00f3n. No cumple, pese a todo, los requisitos de un central de absoluta garant\u00edas pese a su buen sentido posicional y trato de bal\u00f3n. En los partidos, no en todos, toma alg\u00fan tipo de decisi\u00f3n de riesgo cuando no de osad\u00eda que comprometen al equipo, adem\u00e1s de no sobrarle contundencia en episodios que la exigen. Esas lagunas, pocas pero puntuales, son las que no chirr\u00edan en un futbolista elegante en las formas pero de inesperadas reacciones donde lo importante no es la est\u00e9tica. Que salga en Cartagonova no deber\u00eda suponer ning\u00fan drama en un Real Zaragoza bien armado, como tampoco que apareciera en el eje defensivo, lo que resulta mas improbable ahora mismo por una cuesti\u00f3n de ley no escrita, Santiago Mouri\u00f1o, cuarto central que bien podr\u00eda ser segundo o primero. El uruguayo, fichado por el Atl\u00e9tico del Racing de Montevido por 2,5 millones y cinco temporadas y ya reclamado para los entrenamientos de su selecci\u00f3n por parte de Bielsa, tiene una gran proyecci\u00f3n y un presente con avales. Fuerte, rotundo y expeditivo ha sido cedido al conjunto aragon\u00e9s para que sume minutos pero sobre todo partidos. S\u00f3lo Jair y Franc\u00e9s si mantienen su impecable rendimiento pueden impedir su lugar en el once. Llu\u00eds L\u00f3pez lo har\u00e1 en Cartagena en la que no es una mala opci\u00f3n, aunque quiz\u00e1s no la mejor si la cabeza se antepone al coraz\u00f3n.<\/p>\n<p><em>Foto Real Zaragoza<\/em><\/p>\n","protected":false},"excerpt":{"rendered":"<p>La ausencia de Franc\u00e9s en Cartagena abre las puertas de la titularidad a Llu\u00eds L\u00f3pez, a quien Escrib\u00e1 considera un relevo v\u00e1lido y un comprometido animador de vestuario, pero la apuesta por Santiago Mouri\u00f1o, un central de gran proyecci\u00f3n y presente, ser\u00eda tambi\u00e9n una decisi\u00f3n correcta Posiblemente Fran Escrib\u00e1 tenga <a class=\"read-more\" href=\"https:\/\/principesdeparis.es\/principes\/entre-lo-que-dice-el-corazon-y-dicta-la-cabeza\/\">Sigue leyendo<\/a><\/p>\n","protected":false},"author":2,"featured_media":12366,"comment_status":"open","ping_status":"open","sticky":false,"template":"","format":"standard","meta":{"footnotes":""},"categories":[13,1],"tags":[],"class_list":["post-12364","post","type-post","status-publish","format-standard","has-post-thumbnail","hentry","category-publicidad","category-real-zaragoza"],"_links":{"self":[{"href":"https:\/\/principesdeparis.es\/principes\/wp-json\/wp\/v2\/posts\/12364","targetHints":{"allow":["GET"]}}],"collection":[{"href":"https:\/\/principesdeparis.es\/principes\/wp-json\/wp\/v2\/posts"}],"about":[{"href":"https:\/\/principesdeparis.es\/principes\/wp-json\/wp\/v2\/types\/post"}],"author":[{"embeddable":true,"href":"https:\/\/principesdeparis.es\/principes\/wp-json\/wp\/v2\/users\/2"}],"replies":[{"embeddable":true,"href":"https:\/\/principesdeparis.es\/principes\/wp-json\/wp\/v2\/comments?post=12364"}],"version-history":[{"count":1,"href":"https:\/\/principesdeparis.es\/principes\/wp-json\/wp\/v2\/posts\/12364\/revisions"}],"predecessor-version":[{"id":12367,"href":"https:\/\/principesdeparis.es\/principes\/wp-json\/wp\/v2\/posts\/12364\/revisions\/12367"}],"wp:featuredmedia":[{"embeddable":true,"href":"https:\/\/principesdeparis.es\/principes\/wp-json\/wp\/v2\/media\/12366"}],"wp:attachment":[{"href":"https:\/\/principesdeparis.es\/principes\/wp-json\/wp\/v2\/media?parent=12364"}],"wp:term":[{"taxonomy":"category","embeddable":true,"href":"https:\/\/principesdeparis.es\/principes\/wp-json\/wp\/v2\/categories?post=12364"},{"taxonomy":"post_tag","embeddable":true,"href":"https:\/\/principesdeparis.es\/principes\/wp-json\/wp\/v2\/tags?post=12364"}],"curies":[{"name":"wp","href":"https:\/\/api.w.org\/{rel}","templated":true}]}}