{"id":12517,"date":"2023-09-16T09:32:53","date_gmt":"2023-09-16T09:32:53","guid":{"rendered":"https:\/\/principesdeparis.es\/principes\/?p=12517"},"modified":"2023-09-16T09:32:53","modified_gmt":"2023-09-16T09:32:53","slug":"no-cantera-no-party","status":"publish","type":"post","link":"https:\/\/principesdeparis.es\/principes\/no-cantera-no-party\/","title":{"rendered":"No cantera, no party"},"content":{"rendered":"<p>Franc\u00e9s y Az\u00f3n se quedaron ayer en el banquillo. Dos sub 21 que en el Real Zaragoza no tuvieron puesto en su regreso, ni siquiera el central para actuar de lateral derecho, privilegio que Fran Escrib\u00e1 entreg\u00f3 a un Marcos Luna con poco rodaje en las piernas que acus\u00f3 su larga inactividad fuera del equipo titular. Sin ellos, se pierde algo o bastante, y no sirve la excusa de haber estado lejos de la din\u00e1mica del equipo por su paso por la selecci\u00f3n de Santi Denia. El defensa, con su estupendo estado de forma y m\u00e1s en la tesitura del viernes, ten\u00eda un lugar indiscutible en el once, y el delantero tambi\u00e9n, junto a Bakis o en lugar de un Bakis que nunca ha sido un matador, pero del que se esperaba que con seis jornadas disputadas hubiese estrenado ya su casillero goleador. La lesi\u00f3n de Nieto ha hecho da\u00f1o, pero la de Francho duele a\u00fan m\u00e1s. Con todo el manojo de centrocampistas con que cuenta el t\u00e9cnico, nadie como \u00e9l dinamiza el grupo para ofrecerle corredores verticales tras el robo del bal\u00f3n. Aguado le ech\u00f3 en falta en Cartagena y mucho m\u00e1s ante el Racing porque con Toni Moya no hace migas en un reparto de protagonismo que oscurece al zaragozano, sin duda m\u00e1s productivo y complementario con el altruismo y el sacrificio de Francho. El Real Zaragoza se ha empastado pese a los arrebatos de Valera, juega embutido, con esquemas que no aclaran cu\u00e1l es el plan en concreto y futbolistas, caso de Mesa y Manu Vallejo, que no ajustan o no poseen las revoluciones necesarias para los momentos de cada partido. El liderato es una bendici\u00f3n bien ganada, pero los \u00faltimos dos encuentros han enviado un mensaje muy claro a Escrib\u00e1: no canteranos, no party. A Nieto se le espera tarde por desgracia, y a Francho ser\u00eda conveniente recuperarle cuanto antes. Con Franc\u00e9s y Az\u00f3n no se puede jugar al escondite.<\/p>\n","protected":false},"excerpt":{"rendered":"<p>Franc\u00e9s y Az\u00f3n se quedaron ayer en el banquillo. Dos sub 21 que en el Real Zaragoza no tuvieron puesto en su regreso, ni siquiera el central para actuar de lateral derecho, privilegio que Fran Escrib\u00e1 entreg\u00f3 a un Marcos Luna con poco rodaje en las piernas que acus\u00f3 su <a class=\"read-more\" href=\"https:\/\/principesdeparis.es\/principes\/no-cantera-no-party\/\">Sigue leyendo<\/a><\/p>\n","protected":false},"author":2,"featured_media":12518,"comment_status":"open","ping_status":"open","sticky":false,"template":"","format":"standard","meta":{"footnotes":""},"categories":[13,1],"tags":[],"class_list":["post-12517","post","type-post","status-publish","format-standard","has-post-thumbnail","hentry","category-publicidad","category-real-zaragoza"],"_links":{"self":[{"href":"https:\/\/principesdeparis.es\/principes\/wp-json\/wp\/v2\/posts\/12517","targetHints":{"allow":["GET"]}}],"collection":[{"href":"https:\/\/principesdeparis.es\/principes\/wp-json\/wp\/v2\/posts"}],"about":[{"href":"https:\/\/principesdeparis.es\/principes\/wp-json\/wp\/v2\/types\/post"}],"author":[{"embeddable":true,"href":"https:\/\/principesdeparis.es\/principes\/wp-json\/wp\/v2\/users\/2"}],"replies":[{"embeddable":true,"href":"https:\/\/principesdeparis.es\/principes\/wp-json\/wp\/v2\/comments?post=12517"}],"version-history":[{"count":1,"href":"https:\/\/principesdeparis.es\/principes\/wp-json\/wp\/v2\/posts\/12517\/revisions"}],"predecessor-version":[{"id":12519,"href":"https:\/\/principesdeparis.es\/principes\/wp-json\/wp\/v2\/posts\/12517\/revisions\/12519"}],"wp:featuredmedia":[{"embeddable":true,"href":"https:\/\/principesdeparis.es\/principes\/wp-json\/wp\/v2\/media\/12518"}],"wp:attachment":[{"href":"https:\/\/principesdeparis.es\/principes\/wp-json\/wp\/v2\/media?parent=12517"}],"wp:term":[{"taxonomy":"category","embeddable":true,"href":"https:\/\/principesdeparis.es\/principes\/wp-json\/wp\/v2\/categories?post=12517"},{"taxonomy":"post_tag","embeddable":true,"href":"https:\/\/principesdeparis.es\/principes\/wp-json\/wp\/v2\/tags?post=12517"}],"curies":[{"name":"wp","href":"https:\/\/api.w.org\/{rel}","templated":true}]}}