{"id":12523,"date":"2023-09-18T14:04:51","date_gmt":"2023-09-18T14:04:51","guid":{"rendered":"https:\/\/principesdeparis.es\/principes\/?p=12523"},"modified":"2023-09-18T14:20:46","modified_gmt":"2023-09-18T14:20:46","slug":"manda-el-equipo-de-cordero-el-de-escriba","status":"publish","type":"post","link":"https:\/\/principesdeparis.es\/principes\/manda-el-equipo-de-cordero-el-de-escriba\/","title":{"rendered":"\u00bfManda el equipo de Cordero o el de Escrib\u00e1?"},"content":{"rendered":"<p style=\"text-align: center;\"><strong>El Real Zaragoza ocupa la cima de la clasificaci\u00f3n por la fortaleza de su plantilla, pero su juego no halla un patr\u00f3n firme con el t\u00e9cnico demasiado tornadizo en las \u00faltimas jornadas<\/strong><\/p>\n<p>Quiz\u00e1s hubiese sido m\u00e1s sencillo y pr\u00e1ctico que Franc\u00e9s, capit\u00e1n de la sub 21 y en un estado de forma may\u00fasculo, se hubiese ocupado del lateral derecho en lugar de un Marcos Luna sin dinamismo suficiente a\u00fan para la titularidad, o que Az\u00f3n, el \u00fanico delantero que ha marcado y el que m\u00e1s sensaci\u00f3n de vigor ofensivo ofrece, hubiese formado en el once junto a Bakis o dejando al turco en el banquillo, por qu\u00e9 no. Escrib\u00e1 opt\u00f3 por lo que consideraba un remedio natural al vac\u00edo de laterales izquierdos y se\u00f1al\u00f3 al exjugador del Andorra como intocable. El resultado fue que los carriles se quedaron ciegos de verticalidad, virtud que sin ser de las principales de Franc\u00e9s, sabe c\u00f3mo administrarla con inteligencia. Arriba, acabaron Az\u00f3n y Enrich, con Bakis suprimido por completo por un Germ\u00e1n colosal. El t\u00e9cnico eligi\u00f3 de nuevo a Aguado y Moya al frente de las operaciones de centrocampistas, una pareja con la que ya hab\u00eda experimentado en Cartagena, donde prescindi\u00f3 del mejor Francho. La falta de sinton\u00eda por un reparto de jerarqu\u00edas que no cuaja borr\u00f3 del campo al primero en Cartagonova y al aragon\u00e9s frente al Racing.<\/p>\n<p>El Real Zaragoza es l\u00edder. Suena muy bien. Con unos n\u00fameros excelentes. Pero, \u00bfy su f\u00fatbol? \u00bfD\u00f3nde est\u00e1? En los \u00faltimos partidos, concretamente desde Tenerife, ha ganado y empatado por la fortaleza de la plantilla construida por Juan Carlos Cordero, por el gen competitivo que posee, un portero divino, centrales superlativos, no pocos postes y por unos elevados conceptos defensivos que le han permitido salvaguardar su porter\u00eda pero no evitar que el peligro sobrevuele su \u00e1rea. En el Heliodoro Rodr\u00edguez, Escrib\u00e1 repiti\u00f3 formaci\u00f3n inicial por tercer encuentro consecutivo pero esta vez con Mesa acostado a la izquierda y Francho de interior. Finiquit\u00f3 el rombo y cre\u00f3 dos boquetes en los interiores, taponados por una r\u00e1pida reacci\u00f3n en el descanso: dio entrada a Bermejo y Valera en esas posiciones y traslad\u00f3 a Francho al lado de Aguado. El equipo se rehizo y venci\u00f3 con un tanto de Jair.<\/p>\n<p>De esa jornada Valera sali\u00f3 beneficiado y el t\u00e1ndem de mediocentros repiti\u00f3 en el triunfo sobre el Eldense. Todo en orden. En la visita a Cartagonova, con Franc\u00e9s y Az\u00f3n en ocupaciones internacionales, saltaron sin embargo dos sorpresas poco o nada justificables: Francho y Valera se quedaron en el banco para que volviera Moya y Bermejo se ocupara de la derecha. Con Mesa de nuevo en labores oscuras en la otra orilla, el Real Zaragoza sufri\u00f3 de lo lindo. Hubo que rescatar a los descartados con el buen Cartagena cort\u00e1ndose las venas con un gol en propia meta de Alcal\u00e1 y el error de Marc Mart\u00ednez en una salida sonrojante. Los centrales, una vez m\u00e1s con la novedad del estupendo debut de Mouri\u00f1o, protagonizaron una pel\u00edcula de Oscar.<\/p>\n<p>Escrib\u00e1 no se cansa de repetir que el Real Zaragoza es un equipo que quiere dominar y que tiene potencial suficiente para hacerlo siempre presentando dos delanteros como amenaza, pero se encarga tambi\u00e9n de puntualizar que en la planificaci\u00f3n hay que tener muy en cuenta al rival. \u00bfOcupa demasiado tiempo y espacio t\u00e1ctico en el adversario? Sin duda. Frente a los c\u00e1ntabros utiliz\u00f3 un solo punta con el disfraz de Manu Vallejo de atacante para todo, quien se autocensur\u00f3 al igual que un Mesa cada vez m\u00e1s perdido entre las idas y venidas de fuera a dentro y viceversa. Valera salv\u00f3 todo el mobiliario de un Real Zaragoza plano como nunca, igual de combatiente que el primer d\u00eda y muy afectado por los efectos colaterales de las bajas de Nieto y sobre todo de Francho.<\/p>\n<p>Manda el equipo aragon\u00e9s en la tabla con cifras de hierro, con el m\u00fasculo que Cordero ha desarrollado en la plantilla. No tanto por las intervenciones de un Escrib\u00e1 tornadizo que parece enredarse como un gato en un ovillo para que el peso pesado que entrena tenga cintura y m\u00e1s determinaci\u00f3n.<\/p>\n","protected":false},"excerpt":{"rendered":"<p>El Real Zaragoza ocupa la cima de la clasificaci\u00f3n por la fortaleza de su plantilla, pero su juego no halla un patr\u00f3n firme con el t\u00e9cnico demasiado tornadizo en las \u00faltimas jornadas Quiz\u00e1s hubiese sido m\u00e1s sencillo y pr\u00e1ctico que Franc\u00e9s, capit\u00e1n de la sub 21 y en un estado <a class=\"read-more\" href=\"https:\/\/principesdeparis.es\/principes\/manda-el-equipo-de-cordero-el-de-escriba\/\">Sigue leyendo<\/a><\/p>\n","protected":false},"author":2,"featured_media":12525,"comment_status":"open","ping_status":"open","sticky":false,"template":"","format":"standard","meta":{"footnotes":""},"categories":[13,1],"tags":[],"class_list":["post-12523","post","type-post","status-publish","format-standard","has-post-thumbnail","hentry","category-publicidad","category-real-zaragoza"],"_links":{"self":[{"href":"https:\/\/principesdeparis.es\/principes\/wp-json\/wp\/v2\/posts\/12523","targetHints":{"allow":["GET"]}}],"collection":[{"href":"https:\/\/principesdeparis.es\/principes\/wp-json\/wp\/v2\/posts"}],"about":[{"href":"https:\/\/principesdeparis.es\/principes\/wp-json\/wp\/v2\/types\/post"}],"author":[{"embeddable":true,"href":"https:\/\/principesdeparis.es\/principes\/wp-json\/wp\/v2\/users\/2"}],"replies":[{"embeddable":true,"href":"https:\/\/principesdeparis.es\/principes\/wp-json\/wp\/v2\/comments?post=12523"}],"version-history":[{"count":11,"href":"https:\/\/principesdeparis.es\/principes\/wp-json\/wp\/v2\/posts\/12523\/revisions"}],"predecessor-version":[{"id":12535,"href":"https:\/\/principesdeparis.es\/principes\/wp-json\/wp\/v2\/posts\/12523\/revisions\/12535"}],"wp:featuredmedia":[{"embeddable":true,"href":"https:\/\/principesdeparis.es\/principes\/wp-json\/wp\/v2\/media\/12525"}],"wp:attachment":[{"href":"https:\/\/principesdeparis.es\/principes\/wp-json\/wp\/v2\/media?parent=12523"}],"wp:term":[{"taxonomy":"category","embeddable":true,"href":"https:\/\/principesdeparis.es\/principes\/wp-json\/wp\/v2\/categories?post=12523"},{"taxonomy":"post_tag","embeddable":true,"href":"https:\/\/principesdeparis.es\/principes\/wp-json\/wp\/v2\/tags?post=12523"}],"curies":[{"name":"wp","href":"https:\/\/api.w.org\/{rel}","templated":true}]}}