{"id":12536,"date":"2023-09-18T20:27:35","date_gmt":"2023-09-18T20:27:35","guid":{"rendered":"https:\/\/principesdeparis.es\/principes\/?p=12536"},"modified":"2023-09-18T20:27:35","modified_gmt":"2023-09-18T20:27:35","slug":"mi-opinion-en-minuto-32-11","status":"publish","type":"post","link":"https:\/\/principesdeparis.es\/principes\/mi-opinion-en-minuto-32-11\/","title":{"rendered":"Mi opini\u00f3n en Minuto 32"},"content":{"rendered":"<h2 style=\"text-align: center;\"><span style=\"color: #0000ff;\"><strong>Jornada 6\u00aa Real Zaragoza 1 Racing 1<\/strong><\/span><\/h2>\n<h2 style=\"text-align: center;\"><span style=\"color: #0000ff;\">\u00abEl Real Zaragoza, aun l\u00edder, ha ido a menos por circunstancias ajenas al entrenador como han sido las lesiones y por otras cuestiones que proceden de las decisiones del t\u00e9cnico. Escrib\u00e1 tiene que dotar de una vez al equipo de sentido futbol\u00edstico, lo que pasa por recuperar a Mesa y a Aguado\u00bb<\/span><\/h2>\n<p><iframe style=\"border-radius:12px\" src=\"https:\/\/open.spotify.com\/embed\/episode\/2GDpq4okstMHEjeVtrAd5t?utm_source=generator\" width=\"100%\" height=\"352\" frameBorder=\"0\" allowfullscreen=\"\" allow=\"autoplay; clipboard-write; encrypted-media; fullscreen; picture-in-picture\" loading=\"lazy\"><\/iframe><\/p>\n","protected":false},"excerpt":{"rendered":"<p>Jornada 6\u00aa Real Zaragoza 1 Racing 1 \u00abEl Real Zaragoza, aun l\u00edder, ha ido a menos por circunstancias ajenas al entrenador como han sido las lesiones y por otras cuestiones que proceden de las decisiones del t\u00e9cnico. Escrib\u00e1 tiene que dotar de una vez al equipo de sentido futbol\u00edstico, lo <a class=\"read-more\" href=\"https:\/\/principesdeparis.es\/principes\/mi-opinion-en-minuto-32-11\/\">Sigue leyendo<\/a><\/p>\n","protected":false},"author":2,"featured_media":12537,"comment_status":"open","ping_status":"open","sticky":false,"template":"","format":"standard","meta":{"footnotes":""},"categories":[15,13],"tags":[],"class_list":["post-12536","post","type-post","status-publish","format-standard","has-post-thumbnail","hentry","category-otros-temas","category-publicidad"],"_links":{"self":[{"href":"https:\/\/principesdeparis.es\/principes\/wp-json\/wp\/v2\/posts\/12536","targetHints":{"allow":["GET"]}}],"collection":[{"href":"https:\/\/principesdeparis.es\/principes\/wp-json\/wp\/v2\/posts"}],"about":[{"href":"https:\/\/principesdeparis.es\/principes\/wp-json\/wp\/v2\/types\/post"}],"author":[{"embeddable":true,"href":"https:\/\/principesdeparis.es\/principes\/wp-json\/wp\/v2\/users\/2"}],"replies":[{"embeddable":true,"href":"https:\/\/principesdeparis.es\/principes\/wp-json\/wp\/v2\/comments?post=12536"}],"version-history":[{"count":3,"href":"https:\/\/principesdeparis.es\/principes\/wp-json\/wp\/v2\/posts\/12536\/revisions"}],"predecessor-version":[{"id":12540,"href":"https:\/\/principesdeparis.es\/principes\/wp-json\/wp\/v2\/posts\/12536\/revisions\/12540"}],"wp:featuredmedia":[{"embeddable":true,"href":"https:\/\/principesdeparis.es\/principes\/wp-json\/wp\/v2\/media\/12537"}],"wp:attachment":[{"href":"https:\/\/principesdeparis.es\/principes\/wp-json\/wp\/v2\/media?parent=12536"}],"wp:term":[{"taxonomy":"category","embeddable":true,"href":"https:\/\/principesdeparis.es\/principes\/wp-json\/wp\/v2\/categories?post=12536"},{"taxonomy":"post_tag","embeddable":true,"href":"https:\/\/principesdeparis.es\/principes\/wp-json\/wp\/v2\/tags?post=12536"}],"curies":[{"name":"wp","href":"https:\/\/api.w.org\/{rel}","templated":true}]}}