{"id":12544,"date":"2023-09-20T14:52:27","date_gmt":"2023-09-20T14:52:27","guid":{"rendered":"https:\/\/principesdeparis.es\/principes\/?p=12544"},"modified":"2023-09-20T14:52:27","modified_gmt":"2023-09-20T14:52:27","slug":"las-sociedades-limitadas","status":"publish","type":"post","link":"https:\/\/principesdeparis.es\/principes\/las-sociedades-limitadas\/","title":{"rendered":"Las sociedades limitadas"},"content":{"rendered":"<p style=\"text-align: center;\"><strong>Las fusiones Aguado-Moya y Az\u00f3n-Bakis cuestionan la productividad de los emparejamientos, que perjudican al mediocentro aragon\u00e9s y cuestionan si el delantero de la cantera no deber\u00eda estar por delante del turco como referencia ofensiva<\/strong><\/p>\n<p>La viga maestra del Real Zaragoza, como una gran parte de los equipos, se sostiene ahora mismo sobre tres parejas: los centrales, los responsables del eje mediocampista y los delanteros. No hay la menor sospecha sobre los futbolistas que se han ocupado del pasillo principal defensivo, sobre todo con Jair y Franc\u00e9s custodiando a Cristian. Mouri\u00f1o, pese a su error de c\u00e1lculo en un control de bal\u00f3n frente al Racing que se tradujo en el gol de Grenier, tambi\u00e9n ofrece garant\u00edas y solvencia como relevo circunstancial o titular. No sucede lo mismo en el resto del campo con algunas de las fusiones que ha propiciado Fran Escrib\u00e1. El brillo del liderato deslumbra por los resultados pero no oculta que la asociaci\u00f3n de ciertos futbolistas distan de ser todo lo productivas que se pretende. El t\u00e9cnico, que comenz\u00f3 la andadura por esta temporada decant\u00e1ndose por un rombo que no le convence pero que dio la mejor versi\u00f3n del equipo hasta el momento, ha regresado a su 1-4-4-2, donde el m\u00e1s beneficiado ha sido un Germ\u00e1n Valera que se ha encargado casi en exclusiva de vigorizar un f\u00fatbol cada vez m\u00e1s plano.<\/p>\n<p>El tri\u00e1ngulo Aguado, Francho y Moya ilumin\u00f3 la parcela creativa con el primero al mando y una gesti\u00f3n de la pelota de muchos kilates. Hab\u00eda fisuras a sus espaldas, pero el Real Zaragoza destilaba personalidad y la pelota circulaba con mayor frescura. El entrenador, en su deseo de imprimir formalidad a la medular y generar m\u00e1s por fuera, pens\u00f3 en el pacense como l\u00edder en la motorizaci\u00f3n. Esa apuesta desplaz\u00f3 al carril a Francho en Tenerife y lo dej\u00f3 en el banquillo contra el Cartagena. Moya tuvo que ser reemplazado en el descanso en el Heliodoro y en Cartagonova hubo que rectificar de nuevo en la segunda parte para que Aguado y Francho nivelaran un centro del campo desarticulado. En la \u00faltima jornada, el reparto de jerarqu\u00edas favoreci\u00f3 de nuevo a un Toni Moya acaparador de bal\u00f3n y zonas que acab\u00f3 por nublar por completo a Aguado sin que su trabajo y su despliegue f\u00edsico elevaran el nivel. Una cosa es lo que persiga Escrib\u00e1 y otra lo que dice el rendimiento, que reclama cuanto antes que el aragon\u00e9s vuelva, de una u otra forma, a ser el administrador.<\/p>\n<p>Otra pareja que baila con el paso cambiado es la de los dos puntas. Az\u00f3n, siempre en el once salvo en Cartagena por su citaci\u00f3n con la sub 21 y ante el Racing en una decisi\u00f3n t\u00e9cnica muy cuestionable, ha representado el papel de escudero de Bakis. Sin embargo, con el paso de los encuentros y aun con el turco dejando detalles de futbolista de repercusi\u00f3n ofensiva, se ha ido descubriendo al canterano como un arma de m\u00e1s alcance. Juntos achuchan y provocan inquietud con dos f\u00edsicos imponentes, pero el Tibur\u00f3n muestra m\u00e1s mand\u00edbula y gol en un equipo de nulo suministro centrocampista. Estira el campo y ofrece soluciones a los espacios, mientras que Bakis, con menor ratio realizador hist\u00f3rico que el zaragozano, no marca ni tampoco establece un radio de acci\u00f3n de influencia concreto que no sea el lanzamiento violento. En esas sociedades que chirr\u00edan, Aguado y Az\u00f3n estimulan la m\u00e1quina. Son piezas fundamentales, no jugadores de compa\u00f1\u00eda.<\/p>\n","protected":false},"excerpt":{"rendered":"<p>Las fusiones Aguado-Moya y Az\u00f3n-Bakis cuestionan la productividad de los emparejamientos, que perjudican al mediocentro aragon\u00e9s y cuestionan si el delantero de la cantera no deber\u00eda estar por delante del turco como referencia ofensiva La viga maestra del Real Zaragoza, como una gran parte de los equipos, se sostiene ahora <a class=\"read-more\" href=\"https:\/\/principesdeparis.es\/principes\/las-sociedades-limitadas\/\">Sigue leyendo<\/a><\/p>\n","protected":false},"author":2,"featured_media":12545,"comment_status":"open","ping_status":"open","sticky":false,"template":"","format":"standard","meta":{"footnotes":""},"categories":[13,1],"tags":[],"class_list":["post-12544","post","type-post","status-publish","format-standard","has-post-thumbnail","hentry","category-publicidad","category-real-zaragoza"],"_links":{"self":[{"href":"https:\/\/principesdeparis.es\/principes\/wp-json\/wp\/v2\/posts\/12544","targetHints":{"allow":["GET"]}}],"collection":[{"href":"https:\/\/principesdeparis.es\/principes\/wp-json\/wp\/v2\/posts"}],"about":[{"href":"https:\/\/principesdeparis.es\/principes\/wp-json\/wp\/v2\/types\/post"}],"author":[{"embeddable":true,"href":"https:\/\/principesdeparis.es\/principes\/wp-json\/wp\/v2\/users\/2"}],"replies":[{"embeddable":true,"href":"https:\/\/principesdeparis.es\/principes\/wp-json\/wp\/v2\/comments?post=12544"}],"version-history":[{"count":1,"href":"https:\/\/principesdeparis.es\/principes\/wp-json\/wp\/v2\/posts\/12544\/revisions"}],"predecessor-version":[{"id":12546,"href":"https:\/\/principesdeparis.es\/principes\/wp-json\/wp\/v2\/posts\/12544\/revisions\/12546"}],"wp:featuredmedia":[{"embeddable":true,"href":"https:\/\/principesdeparis.es\/principes\/wp-json\/wp\/v2\/media\/12545"}],"wp:attachment":[{"href":"https:\/\/principesdeparis.es\/principes\/wp-json\/wp\/v2\/media?parent=12544"}],"wp:term":[{"taxonomy":"category","embeddable":true,"href":"https:\/\/principesdeparis.es\/principes\/wp-json\/wp\/v2\/categories?post=12544"},{"taxonomy":"post_tag","embeddable":true,"href":"https:\/\/principesdeparis.es\/principes\/wp-json\/wp\/v2\/tags?post=12544"}],"curies":[{"name":"wp","href":"https:\/\/api.w.org\/{rel}","templated":true}]}}