{"id":12556,"date":"2023-09-22T11:06:32","date_gmt":"2023-09-22T11:06:32","guid":{"rendered":"https:\/\/principesdeparis.es\/principes\/?p=12556"},"modified":"2023-09-22T11:09:57","modified_gmt":"2023-09-22T11:09:57","slug":"carriega-goleador-del-racing-de-ferrol-en-su-ultima-victoria-ante-el-real-zaragoza","status":"publish","type":"post","link":"https:\/\/principesdeparis.es\/principes\/carriega-goleador-del-racing-de-ferrol-en-su-ultima-victoria-ante-el-real-zaragoza\/","title":{"rendered":"Carriega, goleador del Racing de Ferrol en su \u00faltima victoria ante el Real Zaragoza"},"content":{"rendered":"<p>Cuatro temporadas antes de que uno de los grandes mitos del Real Zaragoza y del f\u00fatbol espa\u00f1ol fichara por El Ferrol camino de La Romareda a cambio de un diferencial para el cami\u00f3n de su familia, el legendario Marcelino Mart\u00ednez Cao, Carriega, entrenador de los Zaraguayos en la d\u00e9cada de los setenta, se erigi\u00f3 en protagonista en la \u00faltima victoria del equipo gallego frente al conjunto aragon\u00e9s. Fue en la temporada 1953-1954, en Segunda Divisi\u00f3n. La escuadra que entrenaba Eguiluz y en cuyo once figuraba otro gallego que har\u00eda historia como futbolista y secretario t\u00e9cnico en el Real Zaragoza, Avelino Chaves, no pudo sobreponerse primero al gol de Carriega, quien ese curso har\u00eda diez en total, y despu\u00e9s al de Monchito en un 2-0 que supuso la \u00faltima derrota de los aragoneses en los 20 enfrentamientos que han vivido. El delantero de Allariz (Ourense) ya se hab\u00eda enfrentado en cuatro ocasiones al equipo del que ser\u00eda t\u00e9cnico y al que har\u00eda subcampe\u00f3n de Liga. Militaba en el Orensana, pero no pudo marcar ni ganar en esos encuentros, tambi\u00e9n en Segunda, que disput\u00f3 entre 1949 y 1951. Su trayectoria como futbolista dio poco m\u00e1s de s\u00ed (Oviedo, Burgos y Cartagena), pero donde adquiri\u00f3 fama fue en los banquillos, con especial brillo en el Sporting y en el Real Zaragoza. Sevilla, Betis, Atl\u00e9tico&#8230; Es el t\u00e9cnico gallego que m\u00e1s partidos ha dirigido en Primera, 397.<\/p>\n","protected":false},"excerpt":{"rendered":"<p>Cuatro temporadas antes de que uno de los grandes mitos del Real Zaragoza y del f\u00fatbol espa\u00f1ol fichara por El Ferrol camino de La Romareda a cambio de un diferencial para el cami\u00f3n de su familia, el legendario Marcelino Mart\u00ednez Cao, Carriega, entrenador de los Zaraguayos en la d\u00e9cada de <a class=\"read-more\" href=\"https:\/\/principesdeparis.es\/principes\/carriega-goleador-del-racing-de-ferrol-en-su-ultima-victoria-ante-el-real-zaragoza\/\">Sigue leyendo<\/a><\/p>\n","protected":false},"author":2,"featured_media":12557,"comment_status":"open","ping_status":"open","sticky":false,"template":"","format":"standard","meta":{"footnotes":""},"categories":[13,1],"tags":[],"class_list":["post-12556","post","type-post","status-publish","format-standard","has-post-thumbnail","hentry","category-publicidad","category-real-zaragoza"],"_links":{"self":[{"href":"https:\/\/principesdeparis.es\/principes\/wp-json\/wp\/v2\/posts\/12556","targetHints":{"allow":["GET"]}}],"collection":[{"href":"https:\/\/principesdeparis.es\/principes\/wp-json\/wp\/v2\/posts"}],"about":[{"href":"https:\/\/principesdeparis.es\/principes\/wp-json\/wp\/v2\/types\/post"}],"author":[{"embeddable":true,"href":"https:\/\/principesdeparis.es\/principes\/wp-json\/wp\/v2\/users\/2"}],"replies":[{"embeddable":true,"href":"https:\/\/principesdeparis.es\/principes\/wp-json\/wp\/v2\/comments?post=12556"}],"version-history":[{"count":1,"href":"https:\/\/principesdeparis.es\/principes\/wp-json\/wp\/v2\/posts\/12556\/revisions"}],"predecessor-version":[{"id":12558,"href":"https:\/\/principesdeparis.es\/principes\/wp-json\/wp\/v2\/posts\/12556\/revisions\/12558"}],"wp:featuredmedia":[{"embeddable":true,"href":"https:\/\/principesdeparis.es\/principes\/wp-json\/wp\/v2\/media\/12557"}],"wp:attachment":[{"href":"https:\/\/principesdeparis.es\/principes\/wp-json\/wp\/v2\/media?parent=12556"}],"wp:term":[{"taxonomy":"category","embeddable":true,"href":"https:\/\/principesdeparis.es\/principes\/wp-json\/wp\/v2\/categories?post=12556"},{"taxonomy":"post_tag","embeddable":true,"href":"https:\/\/principesdeparis.es\/principes\/wp-json\/wp\/v2\/tags?post=12556"}],"curies":[{"name":"wp","href":"https:\/\/api.w.org\/{rel}","templated":true}]}}