{"id":12559,"date":"2023-09-23T11:19:15","date_gmt":"2023-09-23T11:19:15","guid":{"rendered":"https:\/\/principesdeparis.es\/principes\/?p=12559"},"modified":"2023-09-23T11:48:51","modified_gmt":"2023-09-23T11:48:51","slug":"escriba-pide-mucho-mas-al-centro-del-campo","status":"publish","type":"post","link":"https:\/\/principesdeparis.es\/principes\/escriba-pide-mucho-mas-al-centro-del-campo\/","title":{"rendered":"Escrib\u00e1 pide mucho m\u00e1s al centro del campo"},"content":{"rendered":"<p>El f\u00fatbol del Real Zaragoza ha bajado escalones pese a las \u00faltimas victorias y sobre todo el empate contra el Racing. Fran Escrib\u00e1 no detecta crisis alguna, pero s\u00ed reconoce que el rendimiento frente a los c\u00e1ntabros estuvo condicionado por la falta de intensidad ofensiva en los \u00faltimos metros, por la falta de suministro de los centrocampistas, que afect\u00f3 a Mesa, Bakis y Manu Vallejo, y por la p\u00e9rdida de profundidad del equipo tras la lesi\u00f3n de Nieto. Por esa cuesti\u00f3n, y por la baja de Francho, el jugador que m\u00e1s adrenalina inyecta a esa parcela por su forma de superar trincheras, el t\u00e9cnico ha solicitado a los responsables de la medular, en este caso Aguado y Moya, que se atrevan m\u00e1s con la conducci\u00f3n, que no se limiten al pase de seguridad para que el equipo y sobre todo la gente de arriba tengan m\u00e1s opciones y participaci\u00f3n en los partidos.<\/p>\n<p>En ning\u00fan pasaje de su rueda de prensa de esta ma\u00f1ana antes del encuentro que medir\u00e1 al Real Zaragoza en A Malata con el Racing de Ferrol el pr\u00f3ximo lunes, el entrenador ha dado pista alguna sobre si los laterales ser\u00e1n los mimos de la \u00faltima jornada o si Franc\u00e9s entrar\u00e1 en uno de los costados, probablemente el derecho. Tampoco, como es habitual en sus comparecencias previas, ha aclarado si habr\u00e1 muchos, pocos o ning\u00fan cambio en el once. \u00abNo voy a, decir nada pero siempre estoy abierto a los cambios\u00bb. Las variaciones podr\u00edan quedarse en peque\u00f1os detalles pese a esa ca\u00edda atacante y general del pasado fin de semana. \u00abNo vimos que el equipo produjera poco hacia arriba, sino que no fuimos determinantes al final, que apenas probamos a su portero y los disparos fueron en su mayor\u00eda fuera, y por eso qued\u00f3 esa imagen y percib\u00ed u runr\u00fan\u00bb. Escriba cree que gran parte de ese atasco se produjo por la ausencia de Nieto, \u00abun jugador que estaba en un momento extraordinario y nos daba esa profundidad e incluso asistencias. Por esa parte el equipo s\u00ed se qued\u00f3 cojo aunque G\u00e1mez lo intent\u00f3 en al segunda parte. Sin embargo para m\u00ed no es algo preocupante sino un un momento puntual\u00bb.<\/p>\n<p>\u00abCualquier once con los jugadores que tengo me resulta fiable\u00bb. Franc\u00e9s y Az\u00f3n volver\u00e1n a la alineaci\u00f3n despu\u00e9s de su presencia con la sub 21, causa por la que Escrib\u00e1 decidi\u00f3 prescindir de salida de ambos ante el Racing. Seg\u00fan su parecer \u00abla selecci\u00f3n trabaja distinto y hab\u00eda una parte de justicia con los que estaban aqu\u00ed y porque el equipo estaba bien\u00bb, se justifica por haber dejado a los dos canteranos en el banquillo. El delantero, seg\u00fan se desprende de sus palabras, regresar\u00e1 para unirse a Bakis aunque el turco siga sin marcar. \u00abBakis no tiene por qu\u00e9 estar preocupado. No tiene motivos para estar agobiado. Es muy maduro. En cuanto a Az\u00f3n, por su dinamismo, somos m\u00e1s peligrosos arriba\u00bb. El turco y Mesa se han sumado a la baja de tensi\u00f3n del conjunto aragon\u00e9s, pero el t\u00e9cnico descarta que sea por implicaci\u00f3n y responsabiliza directamente al centro del campo de su menor protagonismo. \u00abMesa es muy participativo y un gran llegador que puede actuar de segundo delantero o centrocampista ofensivo, pero a veces no le llegan buenos balones, y eso afecta tambi\u00e9n a Sinan, que le llegan menos. Con Manu Vallejo ocurri\u00f3 algo similar. El otro d\u00eda carecimos de suministro\u00bb.<\/p>\n<p>La baja de Francho ha hecho pupa: \u00abFrancho es distinto, un jugador que divide con bal\u00f3n, de los que ya no quedan. Hemos hablado con los medios para que no s\u00f3lo sean posicionales y para que conduzcan y no se limiten s\u00f3lo a distribuir. Toni Moya lo ha hecho varias veces y le hemos animado a que lo haga\u00bb. Sobre el Racing de Ferrol opina que \u00abes un partido muy dif\u00edcil con gente veloz, con buenos llegadores con \u00c1lvaro Gim\u00e9nez o Iker Losada. Tenemos que estar en nuestra mejor versi\u00f3n si queremos ganar o sacar algo\u00bb. Y de nuevo incide en que el equipo necesita \u00abque los medios no se queden solo en pasar, tocando y tocando no rompen l\u00edneas, sino que sean m\u00e1s agresivos en el f\u00fatbol vertical y de ruptura de l\u00edneas y no jueguen tanto en horizontal\u00bb.<\/p>\n","protected":false},"excerpt":{"rendered":"<p>El f\u00fatbol del Real Zaragoza ha bajado escalones pese a las \u00faltimas victorias y sobre todo el empate contra el Racing. Fran Escrib\u00e1 no detecta crisis alguna, pero s\u00ed reconoce que el rendimiento frente a los c\u00e1ntabros estuvo condicionado por la falta de intensidad ofensiva en los \u00faltimos metros, por <a class=\"read-more\" href=\"https:\/\/principesdeparis.es\/principes\/escriba-pide-mucho-mas-al-centro-del-campo\/\">Sigue leyendo<\/a><\/p>\n","protected":false},"author":2,"featured_media":12560,"comment_status":"open","ping_status":"open","sticky":false,"template":"","format":"standard","meta":{"footnotes":""},"categories":[13,1],"tags":[],"class_list":["post-12559","post","type-post","status-publish","format-standard","has-post-thumbnail","hentry","category-publicidad","category-real-zaragoza"],"_links":{"self":[{"href":"https:\/\/principesdeparis.es\/principes\/wp-json\/wp\/v2\/posts\/12559","targetHints":{"allow":["GET"]}}],"collection":[{"href":"https:\/\/principesdeparis.es\/principes\/wp-json\/wp\/v2\/posts"}],"about":[{"href":"https:\/\/principesdeparis.es\/principes\/wp-json\/wp\/v2\/types\/post"}],"author":[{"embeddable":true,"href":"https:\/\/principesdeparis.es\/principes\/wp-json\/wp\/v2\/users\/2"}],"replies":[{"embeddable":true,"href":"https:\/\/principesdeparis.es\/principes\/wp-json\/wp\/v2\/comments?post=12559"}],"version-history":[{"count":3,"href":"https:\/\/principesdeparis.es\/principes\/wp-json\/wp\/v2\/posts\/12559\/revisions"}],"predecessor-version":[{"id":12563,"href":"https:\/\/principesdeparis.es\/principes\/wp-json\/wp\/v2\/posts\/12559\/revisions\/12563"}],"wp:featuredmedia":[{"embeddable":true,"href":"https:\/\/principesdeparis.es\/principes\/wp-json\/wp\/v2\/media\/12560"}],"wp:attachment":[{"href":"https:\/\/principesdeparis.es\/principes\/wp-json\/wp\/v2\/media?parent=12559"}],"wp:term":[{"taxonomy":"category","embeddable":true,"href":"https:\/\/principesdeparis.es\/principes\/wp-json\/wp\/v2\/categories?post=12559"},{"taxonomy":"post_tag","embeddable":true,"href":"https:\/\/principesdeparis.es\/principes\/wp-json\/wp\/v2\/tags?post=12559"}],"curies":[{"name":"wp","href":"https:\/\/api.w.org\/{rel}","templated":true}]}}