{"id":12595,"date":"2023-09-26T10:19:53","date_gmt":"2023-09-26T10:19:53","guid":{"rendered":"https:\/\/principesdeparis.es\/principes\/?p=12595"},"modified":"2023-09-26T10:19:53","modified_gmt":"2023-09-26T10:19:53","slug":"el-reloj-congelado-de-bakis","status":"publish","type":"post","link":"https:\/\/principesdeparis.es\/principes\/el-reloj-congelado-de-bakis\/","title":{"rendered":"El reloj congelado de Bakis"},"content":{"rendered":"<p style=\"text-align: center;\"><strong>El delantero confirma su crisis goleadora y an\u00edmica tras siete jornadas sin marcar, pero adem\u00e1s de no ser un realizador habitual en su trayectoria, su historial descubre que tarda bastante en ver puerta<\/strong><\/p>\n<p>En una derrota, la primera de la temporada, donde todos los futbolistas salvo Cristian quedaron se\u00f1alados individual y colectivamente por su falta de recursos, Sinan Bakis sali\u00f3 del campo visiblemente traumatizado en el minuto 61, cuando Fran Escrib\u00e1 decidid\u00f3 relevarle por Manu Vallejo. Nunca en las seis jornadas anteriores, de las que s\u00f3lo hab\u00eda completado una contra el Cartagena, hab\u00eda sido cambiado tan temprano. Aunque el t\u00e9cnico, para protegerle de las miradas y de las urgencias, ha manifestado en diferentes ocasiones que no le preocupaba lo m\u00e1s m\u00ednimo la sequ\u00eda del turco porque estaba satisfecho con su trabajo, lo cierto es que siete partidos sin ver puerta es una cantidad considerable para el atacante que fue contratado como referencia para el equipo con el desembolso m\u00e1s importante de este ejercicio, 800.000 euros brutos m\u00e1s una serie de objetivos que podr\u00edan elevar esa cantidad hasta e mill\u00f3n. En A Malata, adem\u00e1s, se vio un Bakis indolente, sin duda afectado por esa falta de inspiraci\u00f3n y de ocasiones.<\/p>\n<p>La apuesta de Juan Carlos Cordero por el exjugador del Andorra fue la m\u00e1s rotunda. El atacante, escudado en la docena de goles que hizo la campa\u00f1a anterior en el Principado, esper\u00f3 a una oferta de superior categor\u00eda y al final se decidi\u00f3 por el Real Zaragoza. Nunca hab\u00eda sido un ariete de grandes cifras, pero con 29 a\u00f1os se confiaba en su experiencia y en sus cualidades para que diera el salto definitivo hacia guarismos superiores. Por el momento, Bakis ha ensayado algunos disparos potentes pero poco m\u00e1s, seg\u00fan Escrib\u00e1 porque apenas se le suministran balones en condiciones. En este trayecto ha dejado detalles interesantes, insuficiente para un profesional tan espec\u00edfico que ni tan siquiera ha ofrecido una asistencia. Con Az\u00f3n a su lado, no parece sentirse c\u00f3modo. Solo, tampoco ha aportado mucho m\u00e1s. Iba a enamorar a La Romareda seg\u00fan Marc Aguado, pero no se ha ganado el coraz\u00f3n de casi nadie. Quiz\u00e1s porque las expectativas est\u00e9n muy por encima de la realidad.<\/p>\n<p>Uno de los objetivos, porque a Escrib\u00e1 se le han acumulado muchos, ser\u00eda recuperar el olfato del turco. La cuesti\u00f3n es que ese instinto que se le presupone nunca ha sido demasiado visible en su carrera. Bakis, nacido en Troisdorf (Alemania), se form\u00f3 en el Bayer Leverkusen, pero no hall\u00f3 espacio en el primer equipo y comenz\u00f3 a emigrar por ligas intermedias, campeonatos como el turco y el holand\u00e9s. En el Kayserispor, con tan s\u00f3lo 19 a\u00f1os, consumi\u00f3 su primera temporada (2013-2014) sin apenas relevancia en las alineaciones. En las dos siguientes, entre liga y copa, marc\u00f3 tres en en el torneo del KO y se qued\u00f3 en blanco en la competici\u00f3n regular, mientras que en su \u00faltimo curso sum\u00f3 11 (3 y 8) entre liga y copa. Menos fruct\u00edfero fue su paso por el Bursaspor, donde lleg\u00f3 libre e hizo un par de tantos en dos campa\u00f1as, para desquitarse en cierta forma con los 5 y sobre todo los 12 que rubric\u00f3 en el Admira Wacker de la Bundesliga austriaca. Diez goles en su debut en el Heracles de la Eridivise y seis m\u00e1s en su segundo cap\u00edtulo en Holanda la abrieron las puertas del f\u00fatbol espa\u00f1ol, de un Andorra reci\u00e9n ascendido a Segunda.<\/p>\n<p>En siete partidos con el Real Zaragoza no ha dado una sola vez en la diana. Un repaso a su tratectoria descubre que Bakis no madruga para marcar. En el Andorra no se estren\u00f3 hasta la 5\u00aa jornada contra el Mirand\u00e9s, para repetir en la 7\u00aa y la 8\u00aa. En la Eredivise, con el Heracles, anot\u00f3 una temporada en el 6\u00ba encuentro y en el 16\u00ba en la anterior. En el Admira Wacker de la Bundesliga austriaca acert\u00f3 en el 2\u00ba encuentro ante el TSV Hartberg y, en su primer a\u00f1o, en el 13\u00ba tambi\u00e9n con el TSV Hartberg enfrente. Con el Bursaspor turco no celebr\u00f3 un solo tanto en ocho participaciones en Liga en la campa\u00f1a 17-18, mientras que en la 16-17 tard\u00f3 32 jornadas en colocar un bal\u00f3n dentro de la red. Antes, en su debut en el Kayserispor, lastrado por una lesi\u00f3n de menisco, se qued\u00f3 en blanco, para conseguir al siguiente curso en el que ha sido su gol m\u00e1s tempranero en liga, frente al Osmanlispor, la \u00fanica vez que ha firmado un tanto en la primera jornada. El Real Zaragoza le espera ya co ansiedad, pero Bakis, por lo general, se lo toma con calma. Demasiada en este caso por ser el epicentro deportivo y econ\u00f3mico de una plantilla que le necesita sin m\u00e1s demora.<\/p>\n","protected":false},"excerpt":{"rendered":"<p>El delantero confirma su crisis goleadora y an\u00edmica tras siete jornadas sin marcar, pero adem\u00e1s de no ser un realizador habitual en su trayectoria, su historial descubre que tarda bastante en ver puerta En una derrota, la primera de la temporada, donde todos los futbolistas salvo Cristian quedaron se\u00f1alados individual <a class=\"read-more\" href=\"https:\/\/principesdeparis.es\/principes\/el-reloj-congelado-de-bakis\/\">Sigue leyendo<\/a><\/p>\n","protected":false},"author":2,"featured_media":12596,"comment_status":"open","ping_status":"open","sticky":false,"template":"","format":"standard","meta":{"footnotes":""},"categories":[13,1],"tags":[],"class_list":["post-12595","post","type-post","status-publish","format-standard","has-post-thumbnail","hentry","category-publicidad","category-real-zaragoza"],"_links":{"self":[{"href":"https:\/\/principesdeparis.es\/principes\/wp-json\/wp\/v2\/posts\/12595","targetHints":{"allow":["GET"]}}],"collection":[{"href":"https:\/\/principesdeparis.es\/principes\/wp-json\/wp\/v2\/posts"}],"about":[{"href":"https:\/\/principesdeparis.es\/principes\/wp-json\/wp\/v2\/types\/post"}],"author":[{"embeddable":true,"href":"https:\/\/principesdeparis.es\/principes\/wp-json\/wp\/v2\/users\/2"}],"replies":[{"embeddable":true,"href":"https:\/\/principesdeparis.es\/principes\/wp-json\/wp\/v2\/comments?post=12595"}],"version-history":[{"count":1,"href":"https:\/\/principesdeparis.es\/principes\/wp-json\/wp\/v2\/posts\/12595\/revisions"}],"predecessor-version":[{"id":12597,"href":"https:\/\/principesdeparis.es\/principes\/wp-json\/wp\/v2\/posts\/12595\/revisions\/12597"}],"wp:featuredmedia":[{"embeddable":true,"href":"https:\/\/principesdeparis.es\/principes\/wp-json\/wp\/v2\/media\/12596"}],"wp:attachment":[{"href":"https:\/\/principesdeparis.es\/principes\/wp-json\/wp\/v2\/media?parent=12595"}],"wp:term":[{"taxonomy":"category","embeddable":true,"href":"https:\/\/principesdeparis.es\/principes\/wp-json\/wp\/v2\/categories?post=12595"},{"taxonomy":"post_tag","embeddable":true,"href":"https:\/\/principesdeparis.es\/principes\/wp-json\/wp\/v2\/tags?post=12595"}],"curies":[{"name":"wp","href":"https:\/\/api.w.org\/{rel}","templated":true}]}}