{"id":12598,"date":"2023-09-27T10:34:10","date_gmt":"2023-09-27T10:34:10","guid":{"rendered":"https:\/\/principesdeparis.es\/principes\/?p=12598"},"modified":"2023-09-27T10:34:10","modified_gmt":"2023-09-27T10:34:10","slug":"jair-debemos-ser-mas-agresivos-en-defensa","status":"publish","type":"post","link":"https:\/\/principesdeparis.es\/principes\/jair-debemos-ser-mas-agresivos-en-defensa\/","title":{"rendered":"Jair: \u00abDebemos ser m\u00e1s agresivos en defensa\u00bb"},"content":{"rendered":"<p><strong>A Malata:<\/strong> \u00abEs una derrota que nos duele, pero tampoco hay que echarse las manos a la cabeza. Los dos \u00faltimos partidos no han sido bonitos pero seguimos l\u00edderes e intentando mejorar cada semana\u00bb<\/p>\n<p><strong>Correcciones:<\/strong> \u00abTenemos que dar un poco m\u00e1s, quiz\u00e1s hemos bajado un poco la intensidad sin relajarnos. Debemos subir la agresividad porque nos est\u00e1n creando ocasiones. En eso s\u00ed debemos mejorar, para estar m\u00e1s tiempo en campo rival\u00bb.<\/p>\n<p><strong>Mouri\u00f1o y los laterales:<\/strong> \u00abMouri\u00f1o entra y lo hace bastante bien pese a que es nuevo y se est\u00e1 adaptando y nosotros a \u00e9l. Estoy bien con \u00e9l aunque conozca m\u00e1s a los otros compa\u00f1eros. Lo del lateral izquierdo es una faena y es normal que algo se pueda notar porque no est\u00e1n en su posici\u00f3n natural, pero dieron la talla, sobre todo un Borge que debutaba y estuvo a nivel alt\u00edsimo. Me alegro por \u00e9l y ojal\u00e1 siga en esa l\u00ednea\u00bb.<\/p>\n<p><strong>Goles en contra:<\/strong> \u00abEsto es f\u00fatbol. No queremos que nos marquen, pero el otro equipo te tira y busca lo suyo. Nuestra preocupaci\u00f3n es cero porque somos s\u00f3lidos porque lo hemos demostrado en anteriores jornadas y nos falta un poco m\u00e1s de intensidad para volver a no recibir goles\u00bb<\/p>\n<p><strong>Rotaci\u00f3n:<\/strong> \u00abHay muchos partidos ahora pero estamos concentrados en el Mirand\u00e9s y preparados para lo que decida el entrenador para volver sumar\u00bb.<\/p>\n<p><strong>Individual:<\/strong> \u00abPositivo, mi rendimiento est\u00e1 siendo bueno aunque siempre hay que mejorar. Conf\u00edo en ofrecer m\u00e1s con el trabajo diario\u00bb.<\/p>\n<p><strong>Mirand\u00e9s:<\/strong> Es un equipo atrevido, joven, con calidad y vertical, pero nosotros estamos muy fuertes en casa con los factores campo y afici\u00f3n que nos oferece ese plus para dar cada uno algo m\u00e1s de nosotros y sacar el encuentro adelante\u00bb.<\/p>\n","protected":false},"excerpt":{"rendered":"<p>A Malata: \u00abEs una derrota que nos duele, pero tampoco hay que echarse las manos a la cabeza. Los dos \u00faltimos partidos no han sido bonitos pero seguimos l\u00edderes e intentando mejorar cada semana\u00bb Correcciones: \u00abTenemos que dar un poco m\u00e1s, quiz\u00e1s hemos bajado un poco la intensidad sin relajarnos. <a class=\"read-more\" href=\"https:\/\/principesdeparis.es\/principes\/jair-debemos-ser-mas-agresivos-en-defensa\/\">Sigue leyendo<\/a><\/p>\n","protected":false},"author":2,"featured_media":12600,"comment_status":"open","ping_status":"open","sticky":false,"template":"","format":"standard","meta":{"footnotes":""},"categories":[13,1],"tags":[],"class_list":["post-12598","post","type-post","status-publish","format-standard","has-post-thumbnail","hentry","category-publicidad","category-real-zaragoza"],"_links":{"self":[{"href":"https:\/\/principesdeparis.es\/principes\/wp-json\/wp\/v2\/posts\/12598","targetHints":{"allow":["GET"]}}],"collection":[{"href":"https:\/\/principesdeparis.es\/principes\/wp-json\/wp\/v2\/posts"}],"about":[{"href":"https:\/\/principesdeparis.es\/principes\/wp-json\/wp\/v2\/types\/post"}],"author":[{"embeddable":true,"href":"https:\/\/principesdeparis.es\/principes\/wp-json\/wp\/v2\/users\/2"}],"replies":[{"embeddable":true,"href":"https:\/\/principesdeparis.es\/principes\/wp-json\/wp\/v2\/comments?post=12598"}],"version-history":[{"count":1,"href":"https:\/\/principesdeparis.es\/principes\/wp-json\/wp\/v2\/posts\/12598\/revisions"}],"predecessor-version":[{"id":12599,"href":"https:\/\/principesdeparis.es\/principes\/wp-json\/wp\/v2\/posts\/12598\/revisions\/12599"}],"wp:featuredmedia":[{"embeddable":true,"href":"https:\/\/principesdeparis.es\/principes\/wp-json\/wp\/v2\/media\/12600"}],"wp:attachment":[{"href":"https:\/\/principesdeparis.es\/principes\/wp-json\/wp\/v2\/media?parent=12598"}],"wp:term":[{"taxonomy":"category","embeddable":true,"href":"https:\/\/principesdeparis.es\/principes\/wp-json\/wp\/v2\/categories?post=12598"},{"taxonomy":"post_tag","embeddable":true,"href":"https:\/\/principesdeparis.es\/principes\/wp-json\/wp\/v2\/tags?post=12598"}],"curies":[{"name":"wp","href":"https:\/\/api.w.org\/{rel}","templated":true}]}}