{"id":12601,"date":"2023-09-27T14:58:58","date_gmt":"2023-09-27T14:58:58","guid":{"rendered":"https:\/\/principesdeparis.es\/principes\/?p=12601"},"modified":"2023-09-27T15:14:21","modified_gmt":"2023-09-27T15:14:21","slug":"sergi-enrich-y-el-regreso-a-la-normalidad","status":"publish","type":"post","link":"https:\/\/principesdeparis.es\/principes\/sergi-enrich-y-el-regreso-a-la-normalidad\/","title":{"rendered":"Sergi Enrich y el regreso a la normalidad"},"content":{"rendered":"<p style=\"text-align: center;\"><strong>El delantero, que ha disputado 35 minutos como revulsivo de \u00faltima hora, reclama su lugar en un Real Zaragoza que necesita una vuelta al orden, al sistema m\u00e1s adecuado y a sus futbolistas de mayor relieve<\/strong><\/p>\n<p>Sergi Enrich es el futbolista de la plantilla que menos minutos ha disputado hasta el momento. Tan s\u00f3lo 35, todos ellos repartidos en cinco jornadas en las que ha participado como revulsivo de ultim\u00edsima hora, sin apenas espacio temporal para poder aportar algo. Un cuarto de hora frente al Racing es la mayor contribuci\u00f3n que figura en su breve hoja de servicios. Hay una raz\u00f3n de peso para que el balear se haya mantenido en un discreto plano en el programa de Fran Escriba pese a ser, a sus 33 a\u00f1os, el delantero del Real Zaragoza con m\u00e1s gol de calidad en su carrera de todos los que figuran en n\u00f3mina: cuando Juan Carlos Cordero le convenci\u00f3 para que fichara, el futbolista se encontraba sin equipo, entren\u00e1ndose en su Ciudadela natal (Menorca) con un preparador f\u00edsico despu\u00e9s de que el Oviedo no pudiera hacerse cargo de su cach\u00e9 una vez que Borja Bast\u00f3n decidi\u00f3 continuar en el Carlos Tartiere, su \u00faltimo destino. El atacante ha tenido que ponerse a punto y lo ha hecho sin rechistar, con Bakis, Az\u00f3n, Mesa y Manu Vallejo por delante en las preferencias del t\u00e9cnico. Sin embargo, frente al Mirand\u00e9s podr\u00eda y deber\u00eda llegar su hora en la titularidad porque el conjunto aragon\u00e9s necesita algo de aire fresco arriba, el de un jugador incombustible y perfecto conocedor del \u00e1rea.<\/p>\n<p>Los entrenadores, cuando sus goleadores se eclipsan m\u00e1s all\u00e1 de lo razonable, suelen apostar por recuperarles dentro del once como mejor terapia. Bakis, no obstante, ha ido desliz\u00e1ndose hacia abajo en su rendimiento, adem\u00e1s de no tratarse tampoco de un matador reconocido. En A Malata, sustituido por indolencia en el minuto 62, su rostro delataba desolaci\u00f3n. Como una llama apagada y una vez m\u00e1s sin conseguir marcar, se retir\u00f3 con el gesto muy afectado. Necesita un par\u00e9ntesis, un reseteo al margen de que su esterilidad realizadora se deba en gran parte a su falta de inspiraci\u00f3n y en otra porci\u00f3n en nada menor a un Real Zaragoza que ha perdido pujanza ofensiva y no halla soluciones para proveer a la gente de arriba. Enrich est\u00e1 con las pilas cargadas. Siempre lo ha estado en su prol\u00edfica trayectoria y con una considerable puntualidad goleadora primero en el Numancia en Segunda y despu\u00e9s como pieza principal o de recambio en el Eibar de Mendilibar. Si no hay causa mayor que lo desaconseje, Enrich tendr\u00eda que aparecer en la alineaci\u00f3n el pr\u00f3ximo domingo junto a Iv\u00e1n Az\u00f3n. Por el bien del equipo y de un Bakis que, asfixiado por la responsabilidad y el desencanto, necesita un respiro. Hay que tener en cuenta que saliendo desde el banquillo no le ha ido nada mal en sus anteriores destinos, una versi\u00f3n que maneja bien y que podr\u00eda aproximarle a ese gol que tanto precisa para reanimarse.<\/p>\n<p>El Real Zaragoza, adem\u00e1s del batallador y fogoso Enrich para recargar su armamento, pide a gritos un regreso al orden despu\u00e9s de que Escrib\u00e1 se haya perdido en experimentos poco o nada fruct\u00edferos. Las lesiones de Nieto y la de Francho han sido dos se\u00edsmos a los que a\u00fan no ha encontrado respuesta. El baile de los laterales ha tenido a Luna y Borge, este \u00faltimo con mejor respuesta, como eventuales zurdos, con G\u00e1mez viajando de un costado al otro sin br\u00fajula. La defensa, el argumento m\u00e1s s\u00f3lido del liderato, se ha visto agitada y da\u00f1ada por los movimientos, pero sobre todo por la elecci\u00f3n de los protagonistas. En ninguno de los casos se ha resuelto con Franc\u00e9s en la derecha y G\u00e1mez en la izquierda, posiblemente la combinaci\u00f3n m\u00e1s adecuada por experiencia y calidad aunque el de Sagunto siguiera a pierna cambiada. La versatilidad del canterano, central por naturaleza, no s\u00f3lo le permite desenvolverse con espontaneidad en una parcela que no es la suya, sino que le faculta para poder hacerlo mejor que el propio G\u00e1mez. El sacrificio posicional de Franc\u00e9s posibilitar\u00eda la vuelta de Mouri\u00f1o al lado de Jair, una sociedad de garant\u00edas y m\u00e1s a\u00fan si se sellan las v\u00edas de agua laterales.<\/p>\n<p>En el centro del campo hay tela que cortar. La baja de Francho ha supuesto un disparo en el pecho y Escrib\u00e1 ha jugado con la baraja hasta convertirla en un castillo de naipes. El entrenador ha buscado en Toni Moya la figura que orqueste el f\u00fatbol, funci\u00f3n para le que ha nacido Aguado, reserva en la primera derrota del curso contra el Racing de Ferrol. Moya es un notable v\u00e9rtice de rombo porque le permite m\u00e1s libertad y llegada para potenciar su excelente disparo de media distancia. En ning\u00fan caso se trata de un conductor, y mejos cerca de Grau, como ocurri\u00f3 en A Malata. El t\u00e9cnico insiste en su conservador 1-4-4-2, pero la plantilla que tiene le susurra m\u00e1s valent\u00eda, y ante todo que Aguado sea quien imprima su personalidad y su excelente pase interior a la pelota. Mesa y Valera, dos futbolistas distintos que requieren mucha participaci\u00f3n y cerca del bal\u00f3n, no pueden faltar en el men\u00fa como parte del tri\u00e1ngulo o de mediaspunta. Se insin\u00faa as\u00ed el atractivo rombo o un 1-4-1-3-2 muy atrevido pero quiz\u00e1s m\u00e1s acorde con el car\u00e1cter de un l\u00edder que busca identidad. Con Az\u00f3n, c\u00f3mo no, y esta vez Enrich en el ca\u00f1\u00f3n del fusil.<\/p>\n","protected":false},"excerpt":{"rendered":"<p>El delantero, que ha disputado 35 minutos como revulsivo de \u00faltima hora, reclama su lugar en un Real Zaragoza que necesita una vuelta al orden, al sistema m\u00e1s adecuado y a sus futbolistas de mayor relieve Sergi Enrich es el futbolista de la plantilla que menos minutos ha disputado hasta <a class=\"read-more\" href=\"https:\/\/principesdeparis.es\/principes\/sergi-enrich-y-el-regreso-a-la-normalidad\/\">Sigue leyendo<\/a><\/p>\n","protected":false},"author":2,"featured_media":12602,"comment_status":"open","ping_status":"open","sticky":false,"template":"","format":"standard","meta":{"footnotes":""},"categories":[13,1],"tags":[],"class_list":["post-12601","post","type-post","status-publish","format-standard","has-post-thumbnail","hentry","category-publicidad","category-real-zaragoza"],"_links":{"self":[{"href":"https:\/\/principesdeparis.es\/principes\/wp-json\/wp\/v2\/posts\/12601","targetHints":{"allow":["GET"]}}],"collection":[{"href":"https:\/\/principesdeparis.es\/principes\/wp-json\/wp\/v2\/posts"}],"about":[{"href":"https:\/\/principesdeparis.es\/principes\/wp-json\/wp\/v2\/types\/post"}],"author":[{"embeddable":true,"href":"https:\/\/principesdeparis.es\/principes\/wp-json\/wp\/v2\/users\/2"}],"replies":[{"embeddable":true,"href":"https:\/\/principesdeparis.es\/principes\/wp-json\/wp\/v2\/comments?post=12601"}],"version-history":[{"count":4,"href":"https:\/\/principesdeparis.es\/principes\/wp-json\/wp\/v2\/posts\/12601\/revisions"}],"predecessor-version":[{"id":12606,"href":"https:\/\/principesdeparis.es\/principes\/wp-json\/wp\/v2\/posts\/12601\/revisions\/12606"}],"wp:featuredmedia":[{"embeddable":true,"href":"https:\/\/principesdeparis.es\/principes\/wp-json\/wp\/v2\/media\/12602"}],"wp:attachment":[{"href":"https:\/\/principesdeparis.es\/principes\/wp-json\/wp\/v2\/media?parent=12601"}],"wp:term":[{"taxonomy":"category","embeddable":true,"href":"https:\/\/principesdeparis.es\/principes\/wp-json\/wp\/v2\/categories?post=12601"},{"taxonomy":"post_tag","embeddable":true,"href":"https:\/\/principesdeparis.es\/principes\/wp-json\/wp\/v2\/tags?post=12601"}],"curies":[{"name":"wp","href":"https:\/\/api.w.org\/{rel}","templated":true}]}}