{"id":12613,"date":"2023-09-29T09:06:46","date_gmt":"2023-09-29T09:06:46","guid":{"rendered":"https:\/\/principesdeparis.es\/principes\/?p=12613"},"modified":"2023-09-29T10:07:03","modified_gmt":"2023-09-29T10:07:03","slug":"escriba-critica-con-dureza-a-los-criticos","status":"publish","type":"post","link":"https:\/\/principesdeparis.es\/principes\/escriba-critica-con-dureza-a-los-criticos\/","title":{"rendered":"Escrib\u00e1 critica con dureza a los cr\u00edticos"},"content":{"rendered":"<p>Por primera vez desde que es entrenador del Real Zaragoza, Fran Escrib\u00e1, sin perder el tono conciliador ni las formas, s\u00ed que se ha dejado llevar por el fuego interior que le genera la extendida y argumentada corriente de opini\u00f3n que considera que el equipo, pese a ser l\u00edder,\u00a0 no consigue convencer con su f\u00fatbol ni su estilo, un juego que se ha ido achatando sobre todo en ataque. En un principio, cuestionado por esta tesitura de debate abierto sobre la mejora que se necesita para defender la primera plaza con m\u00e1s argumentos que el resultado y que coincide con la primera derrota de la temporada, el t\u00e9cnico ha admitido que el cuerpo t\u00e9cnico \u00absiempre hace autocr\u00edtica. Lo hacemos en las victorias y en la derrota. No es nuevo. No somos resultadistas. Nos duele esa derrota, pero no m\u00e1s que otros partidos\u00bb.<\/p>\n<p>Algo tocado s\u00ed est\u00e1 con esa tendencia que le solicita que el liderato se sostenga con m\u00e1s herramientas. Y se le nota. \u00abCon todo mi respeto a cualquier cr\u00edtica, me a\u00edslo mucho del ruido y tambi\u00e9n del halago cuando ganamos. No es que me d\u00e9 igual, pero para mi trabajo diario no me sirve. S\u00f3lo me dedico a trabajar y a mejorar. No s\u00e9 si es excesiva la cr\u00edtica, ahora, si en la s\u00e9ptima jornada somos primeros es porque algo hemos hecho bien\u00bb. En este punto, el entrenador desnuda su malestar: \u00abNo quiero pesimistas cerca ni alrededor porque soy muy optimista . No quiero cerca a los que ven todo oscuro, No me sirve de nada. Siempre\u00a0 hay gente que te est\u00e1 esperando. S\u00f3lo me preocupa la afici\u00f3n, encontrarme gente por la calle que me diga &#8216;no pasa nada&#8217;. Es muy simple pero es lo que piensa la mayor\u00eda de la gente y este vestuario\u00bb<\/p>\n<p><strong>No hay que cambiar:<\/strong> \u00abNo veo el cambio de sistema aunque no siempre jugaremos a\u00a0 lo mismo. No hay problema con el sistema y los jugadores. Si llevamos 16 de 21 es que hacemos las cosas bien. No es real la lectura catastrofista. Me enfada la derrota, pero otra lectura de un\u00a0 partido que se pudo empatar no la veo. Aunque hubi\u00e9ramos ganado tampoco hubiese disfrutado de la victoria porque siempre estoy concentrado en mejorar . No veo que haya que cambiar muchas cosas frente al Mirand\u00e9s. Observ\u00f3 cosas mucho m\u00e1s positivas que negativas\u00bb.<\/p>\n<p><strong>Menor producci\u00f3n ofensiva:<\/strong> \u00abHemos trabajado sobre eso porque es cierto que ha habido menos actividad atacante. En campo rival debemos tener m\u00e1s agresividad a partir de tres cuartos con Vallejo, Valera, Bermejo&#8230; En esa zona debemos anunciar que va a pasar algo y eso no ocurri\u00f3 en A Malata\u00bb.<\/p>\n<p><strong>Bakis sin gol y posibles cambios:<\/strong> \u00ab\u00c9l est\u00e1 bien. Es l\u00f3gica su situaci\u00f3n porque no le est\u00e1n saliendo las cosas\u00a0 bien, pero es maduro, con experiencia y tenemos confianza. Es una semana de tres partidos y es el momento para que participen otros. A nivel personal no me preocupa lo de Sinan ni lo de nadie. No creo que una lectura catastrofista tampoco en esto\u00bb.<\/p>\n<p><strong>Centro del campo y Moya:<\/strong> \u00abLa alineaci\u00f3n del domingo no estar\u00e1 condicionada por la acumulaci\u00f3n de partidos. En Alcorc\u00f3n s\u00ed que habr\u00e1 que renovar el equipo. Ahora no porque venimos frescos todav\u00eda. Respecto a Toni, es un futbolista de una gran calidad. Le hemos pedido que divida m\u00e1s, que no baje tanto a recibir sino que est\u00e9 en zonas m\u00e1s calientes. Si Toni ha sido criticado es un error al margen de que no tenga un buen partido. Es muy importante y nos dar\u00e1 un mont\u00f3n\u00bb.<\/p>\n<p><strong>Quentin y G\u00e1mez:<\/strong> \u00abCreemos que Quentin est\u00e1 disponible. Se le dio el alta porque f\u00edsicamente est\u00e1 bien. Tiene mucha experiencia. Si est\u00e1 sano, es una buena opci\u00f3n para nosotros y posiblemente participar\u00e1 algo en los tres encuentros que vienen. En cuanto a G\u00e1mez, arrastra una peque\u00f1a molestia y vamos a ver la evoluci\u00f3n de su peque\u00f1a contractura\u00bb.<\/p>\n<p><strong>Mirand\u00e9s:<\/strong> \u00abDeber\u00eda tener m\u00e1s puntos. Son j\u00f3venes, din\u00e1micos y peligrosos. Ha recibido mucho peor tambi\u00e9n ha marcado mucho. Hay que ganar lo antes posible para que no crezca esa bola negativa . Necesitamos el apoyo de nuestra gente, que est\u00e1 con el equipo al margen de las cr\u00edticas\u00bb.<\/p>\n<p>&nbsp;<\/p>\n","protected":false},"excerpt":{"rendered":"<p>Por primera vez desde que es entrenador del Real Zaragoza, Fran Escrib\u00e1, sin perder el tono conciliador ni las formas, s\u00ed que se ha dejado llevar por el fuego interior que le genera la extendida y argumentada corriente de opini\u00f3n que considera que el equipo, pese a ser l\u00edder,\u00a0 no <a class=\"read-more\" href=\"https:\/\/principesdeparis.es\/principes\/escriba-critica-con-dureza-a-los-criticos\/\">Sigue leyendo<\/a><\/p>\n","protected":false},"author":2,"featured_media":12614,"comment_status":"open","ping_status":"open","sticky":false,"template":"","format":"standard","meta":{"footnotes":""},"categories":[13,1],"tags":[],"class_list":["post-12613","post","type-post","status-publish","format-standard","has-post-thumbnail","hentry","category-publicidad","category-real-zaragoza"],"_links":{"self":[{"href":"https:\/\/principesdeparis.es\/principes\/wp-json\/wp\/v2\/posts\/12613","targetHints":{"allow":["GET"]}}],"collection":[{"href":"https:\/\/principesdeparis.es\/principes\/wp-json\/wp\/v2\/posts"}],"about":[{"href":"https:\/\/principesdeparis.es\/principes\/wp-json\/wp\/v2\/types\/post"}],"author":[{"embeddable":true,"href":"https:\/\/principesdeparis.es\/principes\/wp-json\/wp\/v2\/users\/2"}],"replies":[{"embeddable":true,"href":"https:\/\/principesdeparis.es\/principes\/wp-json\/wp\/v2\/comments?post=12613"}],"version-history":[{"count":6,"href":"https:\/\/principesdeparis.es\/principes\/wp-json\/wp\/v2\/posts\/12613\/revisions"}],"predecessor-version":[{"id":12620,"href":"https:\/\/principesdeparis.es\/principes\/wp-json\/wp\/v2\/posts\/12613\/revisions\/12620"}],"wp:featuredmedia":[{"embeddable":true,"href":"https:\/\/principesdeparis.es\/principes\/wp-json\/wp\/v2\/media\/12614"}],"wp:attachment":[{"href":"https:\/\/principesdeparis.es\/principes\/wp-json\/wp\/v2\/media?parent=12613"}],"wp:term":[{"taxonomy":"category","embeddable":true,"href":"https:\/\/principesdeparis.es\/principes\/wp-json\/wp\/v2\/categories?post=12613"},{"taxonomy":"post_tag","embeddable":true,"href":"https:\/\/principesdeparis.es\/principes\/wp-json\/wp\/v2\/tags?post=12613"}],"curies":[{"name":"wp","href":"https:\/\/api.w.org\/{rel}","templated":true}]}}