{"id":12634,"date":"2023-10-01T15:25:17","date_gmt":"2023-10-01T15:25:17","guid":{"rendered":"https:\/\/principesdeparis.es\/principes\/?p=12634"},"modified":"2023-10-01T16:02:11","modified_gmt":"2023-10-01T16:02:11","slug":"quentin-mesa-y-enrich-novedades-frente-al-mirandes","status":"publish","type":"post","link":"https:\/\/principesdeparis.es\/principes\/quentin-mesa-y-enrich-novedades-frente-al-mirandes\/","title":{"rendered":"Quentin, Mesa y Enrich, novedades frente al Mirand\u00e9s"},"content":{"rendered":"<p>Quentin, Mesa y Enrich son las grandes novedades en la alineaci\u00f3n del Real Zaragoza que se enfrentar\u00e1 al Mirand\u00e9s. Fran Escrib\u00e1 deja por primera vez en el banquillo al turco, la referencia ofensiva del equipo desde el inicio de la temporada que, sin embargo, no ha conseguido marcar un solo gol.\u00a0 El debut de Enrich en el once, que acompa\u00f1ar\u00e1 a Az\u00f3n,\u00a0 es el cambio m\u00e1s significativo con respecto a la derrota de A Malata, as\u00ed como el regreso de Lecoeuche despu\u00e9s de superar su lesi\u00f3n para reparar el vac\u00edo existente en el lateral izquierdo por su propia ausencia y la de Carlos Nieto. La vuelta del franc\u00e9s arrastra a Borge al lateral derecho, su lugar natural en una defensa que conserva el eje defensivo formado por Franc\u00e9s y Jair.<\/p>\n<p>El t\u00e9cnico introduce una tercera variaci\u00f3n adem\u00e1s de en defensa y en ataque, la de Maikel Mesa con, en principio, la funci\u00f3n de ocuparse del costado izquierdo en la medular aunque con libertad para trasladarse hacia el centro en busca de mayor protagonismo e incidencia en el juego. Valera, al contrario que en Ferrol, comienza donde m\u00e1s productivo es y se siente, en la derecha, a pierna cambiada, lo que aparta del once a Bermejo. Aunque se esperaba que Aguado fuera el elegido para elevar el nivel de salida de bal\u00f3n, el entrenador ha considerado oportuno que Grau y Moya mantengan su estatus en la parcela creativa, con lo que el aragon\u00e9s contin\u00faa una jornada m\u00e1s fuera de los planes del entrenador.<\/p>\n<p>El conjunto aragon\u00e9s busca el liderato que por el momento le ha arrebatado el Legan\u00e9s, pero tambi\u00e9n no salir de la zona de ascenso en el caso de que no venza a los jabatos y el Espanyol, que se mide ma\u00f1ana al Racing de Ferrol, se imponga a los gallegos. La alineaci\u00f3n cuestiona cu\u00e1l es el estado f\u00edsico actual de Quentin y el rendimiento que pueda ofrecer un Borge que pese a sufrir la semana anterior ante Carlos Vicente dio muestras de bastante rigor. De nuevo los costados apuntan a un duro examen en este encuentro en el que se persiguen los tres puntos, pero tambi\u00e9n una mejora sustancial del Real Zaragoza en la circulaci\u00f3n del bal\u00f3n y sobre todo en la parcela ofensiva con un Enrich veterano pero con la experiencia y la pujanza intactas de sus mejores momentos en la \u00e9lite.<\/p>\n<p>La alineaci\u00f3n del Mirand\u00e9s<\/p>\n<blockquote class=\"twitter-tweet\">\n<p dir=\"ltr\" lang=\"es\">\u0301 | <a href=\"https:\/\/twitter.com\/RealZaragoza?ref_src=twsrc%5Etfw\">@RealZaragoza<\/a><\/p>\n<p>\u00a1Mi equipo! &#x2b1b;&#xfe0f;<a href=\"https:\/\/twitter.com\/hashtag\/RealZaragozaMirand%C3%A9s?src=hash&amp;ref_src=twsrc%5Etfw\">#RealZaragozaMirand\u00e9s<\/a><a href=\"https:\/\/twitter.com\/hashtag\/LALIGAHYPERMOTION?src=hash&amp;ref_src=twsrc%5Etfw\">#LALIGAHYPERMOTION<\/a> <a href=\"https:\/\/t.co\/BAGpD7O6eU\">pic.twitter.com\/BAGpD7O6eU<\/a><\/p>\n<p>\u2014 Club Deportivo Mirand\u00e9s (@CDMirandes) <a href=\"https:\/\/twitter.com\/CDMirandes\/status\/1708506165338882063?ref_src=twsrc%5Etfw\">October 1, 2023<\/a><\/p><\/blockquote>\n<p><script async src=\"https:\/\/platform.twitter.com\/widgets.js\" charset=\"utf-8\"><\/script><\/p>\n","protected":false},"excerpt":{"rendered":"<p>Quentin, Mesa y Enrich son las grandes novedades en la alineaci\u00f3n del Real Zaragoza que se enfrentar\u00e1 al Mirand\u00e9s. Fran Escrib\u00e1 deja por primera vez en el banquillo al turco, la referencia ofensiva del equipo desde el inicio de la temporada que, sin embargo, no ha conseguido marcar un solo <a class=\"read-more\" href=\"https:\/\/principesdeparis.es\/principes\/quentin-mesa-y-enrich-novedades-frente-al-mirandes\/\">Sigue leyendo<\/a><\/p>\n","protected":false},"author":2,"featured_media":12635,"comment_status":"open","ping_status":"open","sticky":false,"template":"","format":"standard","meta":{"footnotes":""},"categories":[13,1],"tags":[],"class_list":["post-12634","post","type-post","status-publish","format-standard","has-post-thumbnail","hentry","category-publicidad","category-real-zaragoza"],"_links":{"self":[{"href":"https:\/\/principesdeparis.es\/principes\/wp-json\/wp\/v2\/posts\/12634","targetHints":{"allow":["GET"]}}],"collection":[{"href":"https:\/\/principesdeparis.es\/principes\/wp-json\/wp\/v2\/posts"}],"about":[{"href":"https:\/\/principesdeparis.es\/principes\/wp-json\/wp\/v2\/types\/post"}],"author":[{"embeddable":true,"href":"https:\/\/principesdeparis.es\/principes\/wp-json\/wp\/v2\/users\/2"}],"replies":[{"embeddable":true,"href":"https:\/\/principesdeparis.es\/principes\/wp-json\/wp\/v2\/comments?post=12634"}],"version-history":[{"count":11,"href":"https:\/\/principesdeparis.es\/principes\/wp-json\/wp\/v2\/posts\/12634\/revisions"}],"predecessor-version":[{"id":12646,"href":"https:\/\/principesdeparis.es\/principes\/wp-json\/wp\/v2\/posts\/12634\/revisions\/12646"}],"wp:featuredmedia":[{"embeddable":true,"href":"https:\/\/principesdeparis.es\/principes\/wp-json\/wp\/v2\/media\/12635"}],"wp:attachment":[{"href":"https:\/\/principesdeparis.es\/principes\/wp-json\/wp\/v2\/media?parent=12634"}],"wp:term":[{"taxonomy":"category","embeddable":true,"href":"https:\/\/principesdeparis.es\/principes\/wp-json\/wp\/v2\/categories?post=12634"},{"taxonomy":"post_tag","embeddable":true,"href":"https:\/\/principesdeparis.es\/principes\/wp-json\/wp\/v2\/tags?post=12634"}],"curies":[{"name":"wp","href":"https:\/\/api.w.org\/{rel}","templated":true}]}}