{"id":12689,"date":"2023-10-04T16:46:47","date_gmt":"2023-10-04T16:46:47","guid":{"rendered":"https:\/\/principesdeparis.es\/principes\/?p=12689"},"modified":"2023-10-04T17:22:25","modified_gmt":"2023-10-04T17:22:25","slug":"a-superar-el-eclipse-nieto-francho","status":"publish","type":"post","link":"https:\/\/principesdeparis.es\/principes\/a-superar-el-eclipse-nieto-francho\/","title":{"rendered":"A superar el eclipse Nieto-Francho"},"content":{"rendered":"<p style=\"text-align: center;\"><strong>El Real Zaragoza visita al Andorra con el t\u00e9cnico se\u00f1alando como cruciales la bajas del lateral y del medio para justificarlo todo, listo para las rotaciones y a la caza de tres puntos que frenen su descenso de la zona alta de la clasificaci\u00f3n<\/strong><\/p>\n<p>Nieto y Francho. Francho y Nieto. Tanto monta, monta tanto. Antes estaban tambi\u00e9n Lecoeuche y G\u00e1mez en la ecuaci\u00f3n de las justificaciones de Fran Escrib\u00e1 para explicar el marcado declive futbol\u00edstico del Real Zaragoza y las dos derrotas consecutivas que ha sumado, ambas sin lograr un triste gol, pero Quentin ya jug\u00f3 hasta que se acalambr\u00f3 contra el Mirand\u00e9s y todo indica que su compa\u00f1ero estar\u00e1 de vuelta ma\u00f1ana en Andorra (19.00). Hay laterales izquierdo y derecho, con lo que s\u00f3lo queda el centrocampista en la enfermer\u00eda para continuar, si se da el caso, explicando un mal resultado en funci\u00f3n de esa baja. El t\u00e9cnico entiende que esos percances han herido el potencial ofensivo del conjunto aragon\u00e9s, cuya \u00fanica profundidad se localiza en el fondo de la falta de recursos para buscar soluciones en una plantilla que las tiene. Pero el sistema es el sistema y el entrenador lo ha ejecutado sin parpadear mientras su equipo se ha ido apagando. Doble pivote ralentizado y repetitivo, dos delanteros desconectados y Mesa de interior, en tierra de nadie. La chispa ofensiva la ha encendido en solitario Valera, quien rescat\u00f3 un punto ante el Racing, sin que sea suficiente.<\/p>\n<p>El dilema se centra en descubrir c\u00f3mo remedia esta vez el entrenador el eclipse Nieto-Francho, dos futbolistas sin duda importantes por el estado de forma que mostraban antes de romperse y por su aportaci\u00f3n para darle m\u00e1s alegr\u00eda al juego. No se puede cuestionar que esas ausencias duelen y afectan, pero el Real Zaragoza estaba construido en teor\u00eda para afrontar este tipo de contratiempos que se han traducido en aut\u00e9nticos tsunamis. Escrib\u00e1, adem\u00e1s, empieza a sufrir el mal que ataca a la mayor\u00eda de sus colegas cuando los resultados se tuercen: acudir a que las derrotas bien pudieron ser victorias, y que esto es algo pasajero que no va a influir en la moral de la tropa. Otra bomba m\u00e1s en el Principado y se ver\u00e1 si el vestuario est\u00e1 o no blindado frente al efecto de tanta metralla. Las rotaciones pueden traer un pan bajo el brazo si, como se espera, implican los regreso de Aguado, imprescindible en cualquier dibujo, y Bakis, suplente la \u00faltima jornada y en busca de su primer tanto. Ambos, junto a Valera, vuelven a la tierra que les vio triunfar con la misi\u00f3n de intentar frenar de una vez el descenso del Real Zaragoza en la clasificaci\u00f3n, donde fue l\u00edder autoritario en n\u00fameros y ahora ocupa plaza fuera del acenso directo.<\/p>\n<p>En los cambios que se producir\u00e1n en el once para contemporizar el gasto f\u00edsico que supondr\u00e1 jugar contra el Alcorc\u00f3n en casa el pr\u00f3ximo domingo con tan s\u00f3lo un par de d\u00edas de descanso, puede entrar cualquiera. Lluis L\u00f3pez es uno de los favoritos para que Jair se tome un respiro. Tambi\u00e9n Mouri\u00f1o tiene sus opciones en una defensa con G\u00e1mez y Quentin de laterales, o con Borge si uno de los dos da se\u00f1ales de la falta de energ\u00eda suficiente. La pareja de Aguado es otra inc\u00f3gnita, con posibilidades para Grau si se decide reservar a Moya, mientras que Valera parece fijo y se abre un abanico considerable en el resto del campo. Manu Vallejo y Mollejo estar\u00e1n de principio aunque sin intuirse cu\u00e1l acompa\u00f1ar\u00e1 a Bakis. En este caso Az\u00f3n, que sali\u00f3 con molestias de la pasada jornada, y Mesa se sentar\u00edan en el banco de los suplentes. El juego de dar con el once, que menos de media docena de variantes no presentar\u00e1, no es sencillo y habr\u00e1 que esperar hasta una hora antes del duelo para conocer la decisi\u00f3n final del entrenador. Eso s\u00ed, con un seguro 1-4-4-2 innegociable que hace una vez m\u00e1s del Real Zaragoza un conjunto reprimido.<\/p>\n<p>El Andorra estaba en puesto de promoci\u00f3n a estas alturas la pasada temporada. Eder Sarabia hab\u00eda personalizado un equipo singular en base a la posesi\u00f3n obsesiva pero eficaz y a futbolistas que la ejecutaban con una asombrosa armon\u00eda. A\u00fan no se ha recuperado de la marcha de Aguado, Valera, Bakis, Altimira y un central de categor\u00eda, Mika M\u00e1rmol, ahora en Primera con el Las Palmas. Le est\u00e1 costando, si es posible, alcanzar esa personalidad que insiste en orbitar alrededor de la pelota, algo que el Real Zaragoza procurar\u00e1 evitar. Este desplazamiento no admite otra derrota, pero sobre todo solicita que el conjunto aragon\u00e9s se eleve sobre el escu\u00e1lido rendimiento de sus anteriores compromisos y que demuestre que su fondo de armario ofrece garant\u00edas. Ya es hora de dejar de lamentarse en el <em>funeral<\/em> que se ha organizado por Nieto y Francho y que Escrib\u00e1 se desprenda de la sotana de sacerdote de la excusa.<\/p>\n<blockquote class=\"twitter-tweet\">\n<p lang=\"es\" dir=\"ltr\"> Los 23 convocados por Fran Escrib\u00e1 para el <a href=\"https:\/\/twitter.com\/hashtag\/AndorraRealZaragoza?src=hash&amp;ref_src=twsrc%5Etfw\">#AndorraRealZaragoza<\/a> <\/p>\n<p>\u00a1    ! <a href=\"https:\/\/twitter.com\/hashtag\/DefendiendoAlLe%C3%B3n?src=hash&amp;ref_src=twsrc%5Etfw\">#DefendiendoAlLe\u00f3n<\/a>  <a href=\"https:\/\/t.co\/g2xCetNUxw\">pic.twitter.com\/g2xCetNUxw<\/a><\/p>\n<p>&mdash; Real Zaragoza  (@RealZaragoza) <a href=\"https:\/\/twitter.com\/RealZaragoza\/status\/1709579439049187520?ref_src=twsrc%5Etfw\">October 4, 2023<\/a><\/p><\/blockquote>\n<p> <script async src=\"https:\/\/platform.twitter.com\/widgets.js\" charset=\"utf-8\"><\/script><\/p>\n","protected":false},"excerpt":{"rendered":"<p>El Real Zaragoza visita al Andorra con el t\u00e9cnico se\u00f1alando como cruciales la bajas del lateral y del medio para justificarlo todo, listo para las rotaciones y a la caza de tres puntos que frenen su descenso de la zona alta de la clasificaci\u00f3n Nieto y Francho. Francho y Nieto. <a class=\"read-more\" href=\"https:\/\/principesdeparis.es\/principes\/a-superar-el-eclipse-nieto-francho\/\">Sigue leyendo<\/a><\/p>\n","protected":false},"author":2,"featured_media":12691,"comment_status":"open","ping_status":"open","sticky":false,"template":"","format":"standard","meta":{"footnotes":""},"categories":[13,1],"tags":[],"class_list":["post-12689","post","type-post","status-publish","format-standard","has-post-thumbnail","hentry","category-publicidad","category-real-zaragoza"],"_links":{"self":[{"href":"https:\/\/principesdeparis.es\/principes\/wp-json\/wp\/v2\/posts\/12689","targetHints":{"allow":["GET"]}}],"collection":[{"href":"https:\/\/principesdeparis.es\/principes\/wp-json\/wp\/v2\/posts"}],"about":[{"href":"https:\/\/principesdeparis.es\/principes\/wp-json\/wp\/v2\/types\/post"}],"author":[{"embeddable":true,"href":"https:\/\/principesdeparis.es\/principes\/wp-json\/wp\/v2\/users\/2"}],"replies":[{"embeddable":true,"href":"https:\/\/principesdeparis.es\/principes\/wp-json\/wp\/v2\/comments?post=12689"}],"version-history":[{"count":4,"href":"https:\/\/principesdeparis.es\/principes\/wp-json\/wp\/v2\/posts\/12689\/revisions"}],"predecessor-version":[{"id":12695,"href":"https:\/\/principesdeparis.es\/principes\/wp-json\/wp\/v2\/posts\/12689\/revisions\/12695"}],"wp:featuredmedia":[{"embeddable":true,"href":"https:\/\/principesdeparis.es\/principes\/wp-json\/wp\/v2\/media\/12691"}],"wp:attachment":[{"href":"https:\/\/principesdeparis.es\/principes\/wp-json\/wp\/v2\/media?parent=12689"}],"wp:term":[{"taxonomy":"category","embeddable":true,"href":"https:\/\/principesdeparis.es\/principes\/wp-json\/wp\/v2\/categories?post=12689"},{"taxonomy":"post_tag","embeddable":true,"href":"https:\/\/principesdeparis.es\/principes\/wp-json\/wp\/v2\/tags?post=12689"}],"curies":[{"name":"wp","href":"https:\/\/api.w.org\/{rel}","templated":true}]}}