{"id":12700,"date":"2023-10-05T16:01:10","date_gmt":"2023-10-05T16:01:10","guid":{"rendered":"https:\/\/principesdeparis.es\/principes\/?p=12700"},"modified":"2023-10-05T16:42:50","modified_gmt":"2023-10-05T16:42:50","slug":"escriba-introduce-seis-cambios-frente-al-andorra","status":"publish","type":"post","link":"https:\/\/principesdeparis.es\/principes\/escriba-introduce-seis-cambios-frente-al-andorra\/","title":{"rendered":"Escrib\u00e1 introduce seis cambios sin Bakis ni Valera"},"content":{"rendered":"<p>Las rotaciones aparecen en todo su esplendor y hasta estupor en la alineaci\u00f3n del Real Zaragoza que jugar\u00e1 contra el Andorra. Hasta seis cambios introduce Fran Escrib\u00e1 para que sus futbolistas no sufran el desgaste de tres encuentros en una semana, el ya disputado ante el Mirand\u00e9s, el de esta tarde y el del pr\u00f3ximo domingo en La Romareda contra el Alcorc\u00f3n. Debutan esta temporada en el once<strong> Lluis L\u00f3pez,<\/strong> quien estar\u00e1 junto a Franc\u00e9s con<strong> Luna<\/strong> en la derecha y Borge de vuelta a la izquierda en el bloque defensivo, y <strong>Mollejo<\/strong>. Se busca evitar los riesgos que se podr\u00edan correr con Quentin, muy exigido y acalambrado en el \u00faltimo choque, con un G\u00e1mez reci\u00e9n recuperado de su lesi\u00f3n y con Jair, el jugador de campo con m\u00e1s minutos y visiblemente afectado en este tramo de la competici\u00f3n despu\u00e9s de su espectacular rendimiento en las seis primeras jornadas.<\/p>\n<p>Llama la atenci\u00f3n que en esa ruleta de variaciones no aparezca Sinan Bakis, que se vuelve a quedar en el banco de los reservas por segunda ocasi\u00f3n consecutiva. Tampoco se encuentra Az\u00f3n entre los elegidos despu\u00e9s de que fuera relevado ante el Mirand\u00e9s por problemas musculares, con lo que se deshace por primera vez la delantera habitual del conjunto aragon\u00e9s.\u00a0 En un principio, <strong>Manu Vallejo<\/strong>, otra de las novedades, aparece como la referencia ofensiva, posiblemente con Mollejo a su lado o muy cerca de \u00e9l. En el centro del campo, regresan <strong>Bermejo<\/strong> por Valera, otra ausencia inesperada,\u00a0 y el a\u00f1orado <strong>Marc Aguado<\/strong> para formar pareja con Jaume Grau en lugar de un Toni Moya a la baja como director de orquesta. Maikel Mesa, si no cambia el dibujo, volver\u00e1 a caer a la izquierda de la medular.<\/p>\n<p>El t\u00e9cnico ha confeccionado una formaci\u00f3n que busca proteger f\u00edsicamente al equipo, pero sigue sin digerirse demasiado bien el porqu\u00e9 de la nueva ausencia de Bakis, adem\u00e1s con Sergi Enrich fuera de combate por la roja que recibi\u00f3 el pasado domingo. Tampoco se descifran bien las causas por las que deja al margen a Valera, el futbolista que m\u00e1s energ\u00eda ofensiva aporta al Real Zaragoza justo en la fase\u00a0 en la que su producci\u00f3n atacante ha ca\u00eddo bajo m\u00ednimos.\u00a0 No se puede pasar por alto que en caso de sumar tres puntos y el Espanyol no haga lo propio en su visita a Cartagena, el liderato estar\u00eda de nuevo en manos del equipo blanquillo. El encuentro en el Principado frente a un rival tan singular por su adicci\u00f3n a la pelota y su posesi\u00f3n\u00a0 exige lo mejor de un Real Zaragoza revolucionado que no revolucionario.<\/p>\n<p><strong>La alineaci\u00f3n del Andorra<\/strong><\/p>\n<blockquote class=\"twitter-tweet\">\n<p dir=\"ltr\" lang=\"ca\">\u00d3 | Aquest \u00e9s l\u20191&#xfe0f;&#x20e3;1&#xfe0f;&#x20e3; d\u2019<a href=\"https:\/\/twitter.com\/edersa10?ref_src=twsrc%5Etfw\">@edersa10<\/a> pel partit d\u2019avui <a href=\"https:\/\/twitter.com\/RealZaragoza?ref_src=twsrc%5Etfw\">@RealZaragoza<\/a> <a href=\"https:\/\/twitter.com\/hashtag\/AndorraRealZaragoza?src=hash&amp;ref_src=twsrc%5Etfw\">#AndorraRealZaragoza<\/a><a href=\"https:\/\/twitter.com\/hashtag\/SomTricolors?src=hash&amp;ref_src=twsrc%5Etfw\">#SomTricolors<\/a> <a href=\"https:\/\/t.co\/Bd7dsyAAT8\">pic.twitter.com\/Bd7dsyAAT8<\/a><\/p>\n<p>\u2014 FC Andorra (@fcandorra) <a href=\"https:\/\/twitter.com\/fcandorra\/status\/1709958610782961820?ref_src=twsrc%5Etfw\">October 5, 2023<\/a><\/p><\/blockquote>\n<p><script async src=\"https:\/\/platform.twitter.com\/widgets.js\" charset=\"utf-8\"><\/script><\/p>\n","protected":false},"excerpt":{"rendered":"<p>Las rotaciones aparecen en todo su esplendor y hasta estupor en la alineaci\u00f3n del Real Zaragoza que jugar\u00e1 contra el Andorra. Hasta seis cambios introduce Fran Escrib\u00e1 para que sus futbolistas no sufran el desgaste de tres encuentros en una semana, el ya disputado ante el Mirand\u00e9s, el de esta <a class=\"read-more\" href=\"https:\/\/principesdeparis.es\/principes\/escriba-introduce-seis-cambios-frente-al-andorra\/\">Sigue leyendo<\/a><\/p>\n","protected":false},"author":2,"featured_media":12702,"comment_status":"open","ping_status":"open","sticky":false,"template":"","format":"standard","meta":{"footnotes":""},"categories":[13,1],"tags":[],"class_list":["post-12700","post","type-post","status-publish","format-standard","has-post-thumbnail","hentry","category-publicidad","category-real-zaragoza"],"_links":{"self":[{"href":"https:\/\/principesdeparis.es\/principes\/wp-json\/wp\/v2\/posts\/12700","targetHints":{"allow":["GET"]}}],"collection":[{"href":"https:\/\/principesdeparis.es\/principes\/wp-json\/wp\/v2\/posts"}],"about":[{"href":"https:\/\/principesdeparis.es\/principes\/wp-json\/wp\/v2\/types\/post"}],"author":[{"embeddable":true,"href":"https:\/\/principesdeparis.es\/principes\/wp-json\/wp\/v2\/users\/2"}],"replies":[{"embeddable":true,"href":"https:\/\/principesdeparis.es\/principes\/wp-json\/wp\/v2\/comments?post=12700"}],"version-history":[{"count":13,"href":"https:\/\/principesdeparis.es\/principes\/wp-json\/wp\/v2\/posts\/12700\/revisions"}],"predecessor-version":[{"id":12714,"href":"https:\/\/principesdeparis.es\/principes\/wp-json\/wp\/v2\/posts\/12700\/revisions\/12714"}],"wp:featuredmedia":[{"embeddable":true,"href":"https:\/\/principesdeparis.es\/principes\/wp-json\/wp\/v2\/media\/12702"}],"wp:attachment":[{"href":"https:\/\/principesdeparis.es\/principes\/wp-json\/wp\/v2\/media?parent=12700"}],"wp:term":[{"taxonomy":"category","embeddable":true,"href":"https:\/\/principesdeparis.es\/principes\/wp-json\/wp\/v2\/categories?post=12700"},{"taxonomy":"post_tag","embeddable":true,"href":"https:\/\/principesdeparis.es\/principes\/wp-json\/wp\/v2\/tags?post=12700"}],"curies":[{"name":"wp","href":"https:\/\/api.w.org\/{rel}","templated":true}]}}