{"id":12720,"date":"2023-10-05T20:41:13","date_gmt":"2023-10-05T20:41:13","guid":{"rendered":"https:\/\/principesdeparis.es\/principes\/?p=12720"},"modified":"2023-10-05T20:41:13","modified_gmt":"2023-10-05T20:41:13","slug":"el-uno-a-uno-del-andorra-real-zaragoza-2","status":"publish","type":"post","link":"https:\/\/principesdeparis.es\/principes\/el-uno-a-uno-del-andorra-real-zaragoza-2\/","title":{"rendered":"El uno a uno del Andorra-Real Zaragoza"},"content":{"rendered":"<p><strong>Las puntuaciones se realizan de 0 a 10<\/strong><\/p>\n<p><strong>S.C. (sin calificar)<\/strong><\/p>\n<p><strong>Cristian s.c.<\/strong><br \/>\n<strong>Lesionado<\/strong><br \/>\nS\u00f3lo intervino en un despeje ante el gigante Aur\u00e9lien Scheidler, m\u00e1s que Dani Mart\u00edn, el portero del Andorra pese a que recibiera un gol. Abandon\u00f3 el campo lesionado y debut\u00f3 Poussin.<\/p>\n<p><strong>Luna 4<\/strong><br \/>\n<strong>Sufridor<\/strong><br \/>\nEl canterano fue el elegido para el lateral derecho y estuvo muy apagado para ampliar el campo y con problemas en defensa para frenar al h\u00e1bil Nieto.<\/p>\n<p><strong>Franc\u00e9s 4 <\/strong><br \/>\n<strong>Apresurado<\/strong><br \/>\nMidi\u00f3 mal una salida al corte que puso en apuros a su equipo y cometi\u00f3 una falta fuera de sitio. Sin apenas trabajo, jug\u00f3 bastante agarrotado.<\/p>\n<p><strong>Llu\u00eds L\u00f3pez 4 <\/strong><br \/>\n<strong>Gris<\/strong><br \/>\nDebut\u00f3 esta temporada en un encuentro que no le exigi\u00f3 nada y en el que nada distinto ofreci\u00f3 al equipo, ni salida ni desplazamiento.<\/p>\n<p><strong>Borge 6<\/strong><br \/>\n<strong>S\u00f3lido<\/strong><br \/>\nDe regreso a la izquierda, el lateral insisti\u00f3 en simplificar todas sus intervenciones, sin complicarse lo m\u00e1s m\u00ednimo y con la firmeza de un veterano.<\/p>\n<p><strong>Aguado 4<\/strong><br \/>\n<strong>Decreciente<\/strong><br \/>\nComenz\u00f3 con personalidad y autoridad solo en la conducci\u00f3n del equipo, pero fue a menos con el curso del partido. La salida de Moya le hizo desaparecer a\u00fan m\u00e1s.<\/p>\n<p><strong>Grau 6<\/strong><br \/>\n<strong>Asistente<\/strong><br \/>\nDe v\u00e9rtice del rombo, se desenvolvi\u00f3 m\u00e1s c\u00f3modo y vertical, con una participaci\u00f3n importante como la asistencia a Mollejo en el gol zaragocista. Una amarilla le priv\u00f3 de seguir en el campo por precauci\u00f3n.<\/p>\n<p><strong>Mesa 3<\/strong><br \/>\n<strong>Indolente<\/strong><br \/>\nAcostado a la derecha de Aguado, de nuevo lejos de su h\u00e1bitat natural, se entretuvo en el adorno y lo barroco, con poco trascendencia y menos implicaci\u00f3n defensiva.<\/p>\n<p><strong>Bermejo 2 <\/strong><br \/>\n<strong>Incompetente<\/strong><br \/>\nUna oportunidad, esta vez por detr\u00e1s de los delanteros, como generador de juego interior. Otro fracaso del centrocampista, quien ni apareci\u00f3 en el encuentro.<\/p>\n<p><strong>Manu Vallejo 3<\/strong><br \/>\n<strong>Inactivo<\/strong><br \/>\nLa responsabilidad de delantero de referencia le vino grande, enorme. Con bal\u00f3n y sin bal\u00f3n nada de lo que intent\u00f3 fructific\u00f3 en algo positivo. Muy previsible.<\/p>\n<p><strong>Mollejo 6 <\/strong><br \/>\n<strong>Goleador<\/strong><br \/>\nSin realizar un partido para el recuerdo, marc\u00f3 un gol de bandera, el del triunfo, y pele\u00f3 con m\u00e1s coraz\u00f3n que cabeza.<\/p>\n<p><strong>Tambi\u00e9n jugaron<\/strong><\/p>\n<p>Toni Moya 3<\/p>\n<p>Valera 3<\/p>\n<p>Az\u00f3n 3<\/p>\n<p>G\u00e1mez 5<\/p>\n<p>Poussin s.c.<\/p>\n","protected":false},"excerpt":{"rendered":"<p>Las puntuaciones se realizan de 0 a 10 S.C. (sin calificar) Cristian s.c. Lesionado S\u00f3lo intervino en un despeje ante el gigante Aur\u00e9lien Scheidler, m\u00e1s que Dani Mart\u00edn, el portero del Andorra pese a que recibiera un gol. Abandon\u00f3 el campo lesionado y debut\u00f3 Poussin. Luna 4 Sufridor El canterano <a class=\"read-more\" href=\"https:\/\/principesdeparis.es\/principes\/el-uno-a-uno-del-andorra-real-zaragoza-2\/\">Sigue leyendo<\/a><\/p>\n","protected":false},"author":2,"featured_media":12721,"comment_status":"open","ping_status":"open","sticky":false,"template":"","format":"standard","meta":{"footnotes":""},"categories":[13,1],"tags":[],"class_list":["post-12720","post","type-post","status-publish","format-standard","has-post-thumbnail","hentry","category-publicidad","category-real-zaragoza"],"_links":{"self":[{"href":"https:\/\/principesdeparis.es\/principes\/wp-json\/wp\/v2\/posts\/12720","targetHints":{"allow":["GET"]}}],"collection":[{"href":"https:\/\/principesdeparis.es\/principes\/wp-json\/wp\/v2\/posts"}],"about":[{"href":"https:\/\/principesdeparis.es\/principes\/wp-json\/wp\/v2\/types\/post"}],"author":[{"embeddable":true,"href":"https:\/\/principesdeparis.es\/principes\/wp-json\/wp\/v2\/users\/2"}],"replies":[{"embeddable":true,"href":"https:\/\/principesdeparis.es\/principes\/wp-json\/wp\/v2\/comments?post=12720"}],"version-history":[{"count":1,"href":"https:\/\/principesdeparis.es\/principes\/wp-json\/wp\/v2\/posts\/12720\/revisions"}],"predecessor-version":[{"id":12722,"href":"https:\/\/principesdeparis.es\/principes\/wp-json\/wp\/v2\/posts\/12720\/revisions\/12722"}],"wp:featuredmedia":[{"embeddable":true,"href":"https:\/\/principesdeparis.es\/principes\/wp-json\/wp\/v2\/media\/12721"}],"wp:attachment":[{"href":"https:\/\/principesdeparis.es\/principes\/wp-json\/wp\/v2\/media?parent=12720"}],"wp:term":[{"taxonomy":"category","embeddable":true,"href":"https:\/\/principesdeparis.es\/principes\/wp-json\/wp\/v2\/categories?post=12720"},{"taxonomy":"post_tag","embeddable":true,"href":"https:\/\/principesdeparis.es\/principes\/wp-json\/wp\/v2\/tags?post=12720"}],"curies":[{"name":"wp","href":"https:\/\/api.w.org\/{rel}","templated":true}]}}