{"id":12728,"date":"2023-10-07T16:32:36","date_gmt":"2023-10-07T16:32:36","guid":{"rendered":"https:\/\/principesdeparis.es\/principes\/?p=12728"},"modified":"2023-10-07T16:38:48","modified_gmt":"2023-10-07T16:38:48","slug":"escriba-todo-se-corrige-mejor-desde-la-victoria","status":"publish","type":"post","link":"https:\/\/principesdeparis.es\/principes\/escriba-todo-se-corrige-mejor-desde-la-victoria\/","title":{"rendered":"Escrib\u00e1: \u00abTodo se corrige mejor desde la victoria\u00bb"},"content":{"rendered":"<p><strong>C\u00f3mo llega el equipo a este partido:<\/strong> \u00abCon m\u00e1s tranquilidad, sin duda. Hay gente cansada pero ma\u00f1ana estaremos m\u00e1s frescos. La victoria en Andorra y haber roto esa mala recha de resultados ayuda llevar mejor la fatiga\u00bb.<\/p>\n<p><strong>Cristian:<\/strong> \u00abHa sido poca cosa. Sinti\u00f3 que no era algo importante pero, como es muy inteligente, tomo la decisi\u00f3n correcta. Las pruebas m\u00e9dica seguramente confirmar\u00e1n esa sensaci\u00f3n que tenemos. Poussin le sustituir\u00e1. Vino Vino para esto y ahora tendr\u00e1 su oportunidad. Estamos muy tranquilos, sabiendo que lo har\u00e1 muy bien\u00bb.<\/p>\n<p><strong>Mejorar con respecto a Andorra:<\/strong> \u00abLa mejora depende de nosotros. Hicimos una muy buena primera parte, pero no logramos ser dominantes. Todos coincidimos en lo bueno de la primera mitad y lo malo de a la segunda, sufriendo cuando no era necesario y deber\u00edamos haber estado m\u00e1s cerca del 0-2. Desde la victoria todo se corrige mejor. Ma\u00f1ana viene un equipo peligroso, que ha sacado m\u00e1s puntos fuera que en casa, lo que indica que sale bien al contragolpe. No ser\u00e1 un partido c\u00f3modo aunque le hayamos estudiado y contemplemos que pueda cambiar su forma de jugar\u00bb.<\/p>\n<p><strong>Bakis:<\/strong> \u00abPistas no voy a dar, pero habr\u00e1 gente que repita y tambi\u00e9n habr\u00e1 cambios. Su suplencia en Andorra fue un acierto porque necesit\u00e1bamos gente que ayudar\u00e1 a dominar a un equipo que quiere le bal\u00f3n. Buscamos la transici\u00f3n y en esa faceta encajaban mejor Mollejo y Manu Vallejo. Tambi\u00e9n pensamos en Valera. No partido para Sinan. Iba a salir, pero vino la lesi\u00f3n de Cristian y lo descartamos. \u00c9l est\u00e1 preparado. El a\u00f1o pasado ya le ocurri\u00f3 en Andorra estar en el banquillo. No le va a afectar moralmente. Ocurre lo mismo con Llu\u00eds L\u00f3pez y Grau, que no jugaban y que ahora est\u00e1n participando muy bien\u00bb.<\/p>\n<p><strong>El rival:<\/strong> \u00abEl Mirand\u00e9s ven\u00eda tambi\u00e9n en una situaci\u00f3n dif\u00edcil. De puertas para afuera parec\u00eda una v\u00edctima f\u00e1cil y con el Alcorc\u00f3n, que puede cambiar de sistema, estamos valorando todos los escenarios. La sensaci\u00f3n puede ser que por ir nosotros arriba y ellos abajo nos va a favorecer, pero eso es un plus para nada. Ante un equipo que tiene gente muy r\u00e1pida, queremos mejorar nuestro ataque posicional para ser m\u00e1s productivos y efectivos\u00bb.<\/p>\n<p><strong>La cr\u00edtica:<\/strong> \u00abEs parte de la grandeza del club, con una gran repercusi\u00f3n social. La ciudad y la afici\u00f3n son exigentes y no me parece mal. Como entrenador no me afecta. Lo importante para m\u00ed es que en los 90 minutos existe una gran comuni\u00f3n con los aficionados. En otro momento de la temporada pasado habr\u00eda habido pitos ante el Mirand\u00e9s, pero la gente entiende y valora y percibe que el equipo lo deja todo con honestidad\u00bb.<\/p>\n<p><strong>El rombo:<\/strong> \u00abQued\u00e9 satisfecho en Andorra. Para ese partido era el sistema correcto. Matamos su salida y tapamos los centrales. Nos quedamos cotos en encontrar a Bermejo m\u00e1s veces, pero es una forma de jugar que encaja muy bien con la plantilla\u00bb.<\/p>\n<p><strong>Los suplentes:<\/strong> \u00abEstoy contento con todos, aunque haya jugadores que no est\u00e1n rindiendo a su nivel. No le veo una gravedad porque s\u00e9 que volver\u00e1n a su m\u00e1ximo nivel. Hay jugadores que han participado poco pero cumplen casos de Grau y Llu\u00eds L\u00f3pez. Hay futbolistas de calidad que, al margen de la gesti\u00f3n del esfuerzo, me permitir\u00e1 contar con los que est\u00e9n en mejor momento\u00bb.<\/p>\n<p><strong>Poussin:<\/strong> \u00abSe vio algo el otro d\u00eda. Sali\u00f3 en un momento dif\u00edcil y dio mucha tranquilidad. Era para salir nervioso y manej\u00f3 muy bien todas sus intervenciones. Tiene las espaldas muy anchas pese a su juventud. A nivel personal es un diez. Ser\u00e1 muy bien recibido por la afici\u00f3n\u00bb.<\/p>\n<p><strong>Borge:<\/strong> \u00abG\u00e1mez y Quentin est\u00e1n , pero es verdad que estoy encantado con Borge. Me da la sensaci\u00f3n de que ha levantado la mano para decir que est\u00e1 aqu\u00ed. No va a bajar con el filial porque quiero que siga con nosotros\u00bb.<\/p>\n<p>&nbsp;<\/p>\n<p>&nbsp;<\/p>\n<p>&nbsp;<\/p>\n","protected":false},"excerpt":{"rendered":"<p>C\u00f3mo llega el equipo a este partido: \u00abCon m\u00e1s tranquilidad, sin duda. Hay gente cansada pero ma\u00f1ana estaremos m\u00e1s frescos. La victoria en Andorra y haber roto esa mala recha de resultados ayuda llevar mejor la fatiga\u00bb. Cristian: \u00abHa sido poca cosa. Sinti\u00f3 que no era algo importante pero, como <a class=\"read-more\" href=\"https:\/\/principesdeparis.es\/principes\/escriba-todo-se-corrige-mejor-desde-la-victoria\/\">Sigue leyendo<\/a><\/p>\n","protected":false},"author":2,"featured_media":12730,"comment_status":"open","ping_status":"open","sticky":false,"template":"","format":"standard","meta":{"footnotes":""},"categories":[13,1],"tags":[],"class_list":["post-12728","post","type-post","status-publish","format-standard","has-post-thumbnail","hentry","category-publicidad","category-real-zaragoza"],"_links":{"self":[{"href":"https:\/\/principesdeparis.es\/principes\/wp-json\/wp\/v2\/posts\/12728","targetHints":{"allow":["GET"]}}],"collection":[{"href":"https:\/\/principesdeparis.es\/principes\/wp-json\/wp\/v2\/posts"}],"about":[{"href":"https:\/\/principesdeparis.es\/principes\/wp-json\/wp\/v2\/types\/post"}],"author":[{"embeddable":true,"href":"https:\/\/principesdeparis.es\/principes\/wp-json\/wp\/v2\/users\/2"}],"replies":[{"embeddable":true,"href":"https:\/\/principesdeparis.es\/principes\/wp-json\/wp\/v2\/comments?post=12728"}],"version-history":[{"count":2,"href":"https:\/\/principesdeparis.es\/principes\/wp-json\/wp\/v2\/posts\/12728\/revisions"}],"predecessor-version":[{"id":12732,"href":"https:\/\/principesdeparis.es\/principes\/wp-json\/wp\/v2\/posts\/12728\/revisions\/12732"}],"wp:featuredmedia":[{"embeddable":true,"href":"https:\/\/principesdeparis.es\/principes\/wp-json\/wp\/v2\/media\/12730"}],"wp:attachment":[{"href":"https:\/\/principesdeparis.es\/principes\/wp-json\/wp\/v2\/media?parent=12728"}],"wp:term":[{"taxonomy":"category","embeddable":true,"href":"https:\/\/principesdeparis.es\/principes\/wp-json\/wp\/v2\/categories?post=12728"},{"taxonomy":"post_tag","embeddable":true,"href":"https:\/\/principesdeparis.es\/principes\/wp-json\/wp\/v2\/tags?post=12728"}],"curies":[{"name":"wp","href":"https:\/\/api.w.org\/{rel}","templated":true}]}}