{"id":12733,"date":"2023-10-07T19:52:49","date_gmt":"2023-10-07T19:52:49","guid":{"rendered":"https:\/\/principesdeparis.es\/principes\/?p=12733"},"modified":"2023-10-07T20:47:27","modified_gmt":"2023-10-07T20:47:27","slug":"cristian-es-una-fiesta","status":"publish","type":"post","link":"https:\/\/principesdeparis.es\/principes\/cristian-es-una-fiesta\/","title":{"rendered":"Cristian es una fiesta"},"content":{"rendered":"<p style=\"text-align: center;\"><strong>El portero, que no jugar\u00e1 ma\u00f1ana por una microrrotura fibrilar, recibe un ba\u00f1o de multitudes en el inicio de los Pilares como Hijo Adoptivo de la ciudad y gran icono de un Real Zaragoza que a\u00fan persigue el f\u00fatbol que le falta a sus excelentes resultados<\/strong><\/p>\n<p>Cristian \u00c1lvarez fue confirmado en la plaza del Pilar, poco despu\u00e9s de recibir por parte del Ayuntamiento de Zaragoza el t\u00edtulo de Hijo Adoptivo de la Ciudad. El f\u00falbol en general y el Real Zaragoza en particular representaron en el el arranque de las Fiestas la magia de este deporte cuyo gran universo son las estrellas que lo componen. El portero argentino se asom\u00f3 al balc\u00f3n del consistorio, como uno m\u00e1s, para agradecer la distinci\u00f3n, poco despu\u00e9s de que reconociera en su discurso que hace siete a\u00f1os la capital aragonesa le encontr\u00f3 roto para recomponerle de nuevo como persona y profesional, e invit\u00f3 a una nueva cita en el sal\u00f3n de actos dentro de nueve meses en una clara alusi\u00f3n al ascenso que la afici\u00f3n lleva esperando once temporadas. Tan humano como Dios en las alturas, el guardameta se vio acribillado por miles y miles de voces que corearon su nombre para, de inmediato, entonar el himno del regreso a Primera Divisi\u00f3n un ritual de emociones que fusion\u00f3 el inicio de los Pilares y la fe popular. Cristian anduvo sobre el oc\u00e9ano musical del <em>Moverse ma\u00f1os moverse,<\/em> abraz\u00f3 a la gente, le lanz\u00f3 besos de cari\u00f1o y se uni\u00f3 al espect\u00e1culo como director de un orquesta seducida a su figura ic\u00f3nica y a su personalidad.<\/p>\n<p>En la v\u00edspera de recibir el Alcorc\u00f3n, partido que se perder\u00e1 por una microrrotura fibrilar que le apartar\u00e1 de la competici\u00f3n alg\u00fan encuentro m\u00e1s, Cristian desat\u00f3 la locura en este manicomio sin apenas astros a los que adorar que ha sido el equipo desde el \u00faltimo descenso. Cientos de jugadores con falsos profetas en el altar, un buen pu\u00f1ado de entrenadores, tres propiedades, Zapater como casi exclusivo s\u00edmbolo cre\u00edble&#8230; Un camino de desolaci\u00f3n en el que se quedaron personajes tan significativos de la gloria en may\u00fasculas como que Jos\u00e9 Luis Violeta, Jos\u00e9 \u00c1ngel Zalba o Avelino Chaves se borr\u00f3 de un plumazo al asomar el portero y darse un ba\u00f1o de multitudes a sus 37 a\u00f1os, pleno de vida e ilusi\u00f3n aun v\u00edctima de la enfermer\u00eda en el, seguramente, mejor momento de su trayectoria. Dio el chupinazo testimonial; tambi\u00e9n se podr\u00eda decir que el oficial ante disc\u00edpulos y simpatizantes, ciudadanos de Zaragoza y del Real Zaragoza.<\/p>\n<p>Su aportaci\u00f3n para que el Real Zaragoza respire y haya reactivado la esperanza en este periodo de plagas varias es incuestionable. Su honestidad, oficio y compromiso han confluido en una categor\u00eda impropia para el club, y poco importa si es o no el mejor guardameta en la historia. Lo que se aprecia y enaltece son los valores que ha conseguido imprimir al equipo en situaciones de m\u00e1xima gravedad, y eso le convierte en el mejor capit\u00e1n en esta guerra sin cuartel, en el m\u00e1s cualificado embajador de un porvenir al que jam\u00e1s renuncia con sus guantes de atrapasue\u00f1os. Ma\u00f1ana, con el liderato en el horizonte pr\u00f3ximo y la segunda plaza que defender, este viejo y cada d\u00eda m\u00e1s joven roquero no estar\u00e1 en su puesto de mando,\u00a0 Una microrrotura fibrilar que sufri\u00f3 en Andorra le deja fuera por primera vez este curso en el que parece labrarse algo grande. No estar\u00e1 es mucho decir, por su presencia abarca m\u00e1s all\u00e1 de lo f\u00edsico, pero tendr\u00e1 que asistir al encuentro desde la grada, con Poussin debutando en la titularidad para descubrir la altura deportiva del franc\u00e9s.<\/p>\n<p>Ese Real Zaragoza de Cristian (pocas veces un equipo se le ha reconocido por el nombre de un jugador) sigue presentando unos n\u00fameros excelentes, pero no logra emparentarlos con el f\u00fatbol en su m\u00ednima expresi\u00f3n. De Andorra, contra diez , gan\u00f3 y rompi\u00f3 su mala racha, pero no convenci\u00f3 y sufri\u00f3. Bajo de energ\u00edas ofensivas, con cambios constantes en la alineaci\u00f3n y un banquillo que aporta muy poco, Fran Escrib\u00e1 deshoja la margarita en cada jornada en mitad de un tsunami de dudas, de sistemas que var\u00edan sin excesivo convencimiento. Es segundo y podr\u00eda ser primero si el Espanyol no vence el lunes en Villarreal, Aunque parezca suficiente a corto plazo su corona, a la larga necesitar\u00e1 sacar a relucir todas las herramientas que se le presuponen para seguir reinando hasta el final. Para este cita podr\u00edan volver Bakis y Az\u00f3n despu\u00e9s del experimento fallido pese al triunfo\u00a0 en el Principado sin ambos en la alineaci\u00f3n. Necesita el entrenador, quien meter\u00e1 a G\u00e1mez y Quentin en un once en el que defensivamente tambi\u00e9n se prev\u00e9 el regreso de Jair, hilar m\u00e1s fino en se centro del campo que le provoca la misma cantidad de jaquecas.\u00a0 El Alcorc\u00f3n llega p\u00e1lido, pero el Real Zaragoza debe maquillarse mejor sobre todo en ataque. La Romareda necesita una fiesta completa. Con el esp\u00edritu sin tregua de Cristian movi\u00e9ndose rebelde por el estadio que se\u00f1ala su norte.<\/p>\n<p><em>Foto Real Zaragoza<\/em><\/p>\n<p>&nbsp;<\/p>\n<blockquote class=\"twitter-tweet\">\n<p dir=\"ltr\" lang=\"es\">Esto es m\u00e1gico<\/p>\n<p>Sin palabras <a href=\"https:\/\/t.co\/4N39BuUzAx\">pic.twitter.com\/4N39BuUzAx<\/a><\/p>\n<p>\u2014 Real Zaragoza (@RealZaragoza) <a href=\"https:\/\/twitter.com\/RealZaragoza\/status\/1710724446925750703?ref_src=twsrc%5Etfw\">October 7, 2023<\/a><\/p><\/blockquote>\n<p><script async src=\"https:\/\/platform.twitter.com\/widgets.js\" charset=\"utf-8\"><\/script><\/p>\n<blockquote class=\"twitter-tweet\">\n<p dir=\"ltr\" lang=\"es\">Un discurso que no olvidaremos<\/p>\n<p>&#x1f499; Te queremos, Cristian &#x1f90d; <a href=\"https:\/\/t.co\/rUwiUF2Y1p\">pic.twitter.com\/rUwiUF2Y1p<\/a><\/p>\n<p>\u2014 Real Zaragoza &#x1f981; (@RealZaragoza) <a href=\"https:\/\/twitter.com\/RealZaragoza\/status\/1710740498921480250?ref_src=twsrc%5Etfw\">October 7, 2023<\/a><\/p><\/blockquote>\n<p><script async src=\"https:\/\/platform.twitter.com\/widgets.js\" charset=\"utf-8\"><\/script><\/p>\n","protected":false},"excerpt":{"rendered":"<p>El portero, que no jugar\u00e1 ma\u00f1ana por una microrrotura fibrilar, recibe un ba\u00f1o de multitudes en el inicio de los Pilares como Hijo Adoptivo de la ciudad y gran icono de un Real Zaragoza que a\u00fan persigue el f\u00fatbol que le falta a sus excelentes resultados Cristian \u00c1lvarez fue confirmado <a class=\"read-more\" href=\"https:\/\/principesdeparis.es\/principes\/cristian-es-una-fiesta\/\">Sigue leyendo<\/a><\/p>\n","protected":false},"author":2,"featured_media":12734,"comment_status":"open","ping_status":"open","sticky":false,"template":"","format":"standard","meta":{"footnotes":""},"categories":[13,1],"tags":[],"class_list":["post-12733","post","type-post","status-publish","format-standard","has-post-thumbnail","hentry","category-publicidad","category-real-zaragoza"],"_links":{"self":[{"href":"https:\/\/principesdeparis.es\/principes\/wp-json\/wp\/v2\/posts\/12733","targetHints":{"allow":["GET"]}}],"collection":[{"href":"https:\/\/principesdeparis.es\/principes\/wp-json\/wp\/v2\/posts"}],"about":[{"href":"https:\/\/principesdeparis.es\/principes\/wp-json\/wp\/v2\/types\/post"}],"author":[{"embeddable":true,"href":"https:\/\/principesdeparis.es\/principes\/wp-json\/wp\/v2\/users\/2"}],"replies":[{"embeddable":true,"href":"https:\/\/principesdeparis.es\/principes\/wp-json\/wp\/v2\/comments?post=12733"}],"version-history":[{"count":13,"href":"https:\/\/principesdeparis.es\/principes\/wp-json\/wp\/v2\/posts\/12733\/revisions"}],"predecessor-version":[{"id":12747,"href":"https:\/\/principesdeparis.es\/principes\/wp-json\/wp\/v2\/posts\/12733\/revisions\/12747"}],"wp:featuredmedia":[{"embeddable":true,"href":"https:\/\/principesdeparis.es\/principes\/wp-json\/wp\/v2\/media\/12734"}],"wp:attachment":[{"href":"https:\/\/principesdeparis.es\/principes\/wp-json\/wp\/v2\/media?parent=12733"}],"wp:term":[{"taxonomy":"category","embeddable":true,"href":"https:\/\/principesdeparis.es\/principes\/wp-json\/wp\/v2\/categories?post=12733"},{"taxonomy":"post_tag","embeddable":true,"href":"https:\/\/principesdeparis.es\/principes\/wp-json\/wp\/v2\/tags?post=12733"}],"curies":[{"name":"wp","href":"https:\/\/api.w.org\/{rel}","templated":true}]}}