{"id":12749,"date":"2023-10-08T17:48:11","date_gmt":"2023-10-08T17:48:11","guid":{"rendered":"https:\/\/principesdeparis.es\/principes\/?p=12749"},"modified":"2023-10-08T18:32:24","modified_gmt":"2023-10-08T18:32:24","slug":"escriba-estrena-los-tres-centrales","status":"publish","type":"post","link":"https:\/\/principesdeparis.es\/principes\/escriba-estrena-los-tres-centrales\/","title":{"rendered":"Nueve cambios contra el Alcorc\u00f3n"},"content":{"rendered":"<p>Fran Escrib\u00e1 introduce nada menos que nueve cambios en la alineaci\u00f3n contra el Alcorc\u00f3n. Lo cambia casi todo y recupera el rostro m\u00e1s ofensivo sobre el papel del equipo con sus dos delanteros habituales. Desaparecen por lesi\u00f3n o decisi\u00f3n t\u00e9cnica Cristian, Luna, Franc\u00e9s, Llu\u00eds L\u00f3pez, Borge, Aguado, Bermejo, Mesa y Mollejo y entran Poussin, G\u00e1mez, Mouri\u00f1o, Jair, Quentin, Valera, Moya, Az\u00f3n y Bakis. Del encuentro en Andorra tan s\u00f3lo sobreviven en el once Grau y Manu Vallejo. Las rotaciones en su m\u00e1xima expresi\u00f3n para un Real Zaragoza que regresa a La Romareda con la ciudad en fiestas y el deseo de sumar un nuevo triunfo, el segundo consecutivo, que le permita, como m\u00ednimo, defender la segunda plaza en la clasificaci\u00f3n, es decir una de las plazas de ascenso directo<\/p>\n<p>La escoba pasa por completo por la l\u00ednea defensiva. El t\u00e9cnico lo agita todo en la retaguardia, en el caso del portero por causas mayores, la microrrotura fibrilar que sufri\u00f3 Cristian en el Principado y que le obligar\u00e1 a descansar al menos dos encuentros. Tambi\u00e9n es significativo el cambio de guardia en el centro del campo, con la vuelta al 1-4-4-2 que se sostendr\u00e1 de nuevo en un doble pivote con la reubicaci\u00f3n de Moya con Grau al frente de las operaciones. Valera y Manu Vallejo se encargar\u00e1n de los interiores.<\/p>\n<p>Mollejo, autor del gol del triunfo en la \u00faltima jornada, se sienta en el banquillo tras su feliz debut en la titularidad. Escrib\u00e1 no premia nada, pensando siempre en el colectivo, en lo que cree que necesita su equipo en cada instante al margen de m\u00e9ritos adquiridos de forma individual. En este tsunami que en realidad es un gui\u00f1o hacia sus jugadores de mayor confianza en la actualidad, la sociedad Bakis-Az\u00f3n ha sido recuperada para la causa despu\u00e9s de ambos fueran suplentes ante el Andorra y el turco siquiera disputara un solo segundo, como le hab\u00eda ocurrido una semana antes tambi\u00e9n frente al Mirand\u00e9s.<\/p>\n<p>Los madrile\u00f1os, pen\u00faltimos y el conjunto que m\u00e1s tantos ha recibido hasta el momento, se presentan en el Municipal como un adversario asequible sobre el papel. El Real Zaragoza, sin embargo, no est\u00e1 en condiciones de manifestar superior a nadie antes de que eche a rodar el bal\u00f3n o, mejor dicho, hasta que deje de hacerlo. Su f\u00fatbol, su poco f\u00fatbol, no va en paralelo a sus excelentes resultados. A largo plazo necesitar\u00e1 mucho m\u00e1s que ser admitido en el club de los seis primeros.<\/p>\n<p><strong>La alineaci\u00f3n del Alcorc\u00f3n<\/strong><\/p>\n<blockquote class=\"twitter-tweet\">\n<p dir=\"ltr\" lang=\"es\">&#x1f4dd; XI INICIAL<a href=\"https:\/\/twitter.com\/hashtag\/RealZaragozaAlcorc%C3%B3n?src=hash&amp;ref_src=twsrc%5Etfw\">#RealZaragozaAlcorc\u00f3n<\/a> <a href=\"https:\/\/t.co\/JuE7FlMeHl\">pic.twitter.com\/JuE7FlMeHl<\/a><\/p>\n<p>\u2014 A.D. Alcorc\u00f3n (@AD_Alcorcon) <a href=\"https:\/\/twitter.com\/AD_Alcorcon\/status\/1711080863381758311?ref_src=twsrc%5Etfw\">October 8, 2023<\/a><\/p><\/blockquote>\n<p><script async src=\"https:\/\/platform.twitter.com\/widgets.js\" charset=\"utf-8\"><\/script><\/p>\n","protected":false},"excerpt":{"rendered":"<p>Fran Escrib\u00e1 introduce nada menos que nueve cambios en la alineaci\u00f3n contra el Alcorc\u00f3n. Lo cambia casi todo y recupera el rostro m\u00e1s ofensivo sobre el papel del equipo con sus dos delanteros habituales. Desaparecen por lesi\u00f3n o decisi\u00f3n t\u00e9cnica Cristian, Luna, Franc\u00e9s, Llu\u00eds L\u00f3pez, Borge, Aguado, Bermejo, Mesa y <a class=\"read-more\" href=\"https:\/\/principesdeparis.es\/principes\/escriba-estrena-los-tres-centrales\/\">Sigue leyendo<\/a><\/p>\n","protected":false},"author":2,"featured_media":12750,"comment_status":"open","ping_status":"open","sticky":false,"template":"","format":"standard","meta":{"footnotes":""},"categories":[13,1],"tags":[],"class_list":["post-12749","post","type-post","status-publish","format-standard","has-post-thumbnail","hentry","category-publicidad","category-real-zaragoza"],"_links":{"self":[{"href":"https:\/\/principesdeparis.es\/principes\/wp-json\/wp\/v2\/posts\/12749","targetHints":{"allow":["GET"]}}],"collection":[{"href":"https:\/\/principesdeparis.es\/principes\/wp-json\/wp\/v2\/posts"}],"about":[{"href":"https:\/\/principesdeparis.es\/principes\/wp-json\/wp\/v2\/types\/post"}],"author":[{"embeddable":true,"href":"https:\/\/principesdeparis.es\/principes\/wp-json\/wp\/v2\/users\/2"}],"replies":[{"embeddable":true,"href":"https:\/\/principesdeparis.es\/principes\/wp-json\/wp\/v2\/comments?post=12749"}],"version-history":[{"count":15,"href":"https:\/\/principesdeparis.es\/principes\/wp-json\/wp\/v2\/posts\/12749\/revisions"}],"predecessor-version":[{"id":12765,"href":"https:\/\/principesdeparis.es\/principes\/wp-json\/wp\/v2\/posts\/12749\/revisions\/12765"}],"wp:featuredmedia":[{"embeddable":true,"href":"https:\/\/principesdeparis.es\/principes\/wp-json\/wp\/v2\/media\/12750"}],"wp:attachment":[{"href":"https:\/\/principesdeparis.es\/principes\/wp-json\/wp\/v2\/media?parent=12749"}],"wp:term":[{"taxonomy":"category","embeddable":true,"href":"https:\/\/principesdeparis.es\/principes\/wp-json\/wp\/v2\/categories?post=12749"},{"taxonomy":"post_tag","embeddable":true,"href":"https:\/\/principesdeparis.es\/principes\/wp-json\/wp\/v2\/tags?post=12749"}],"curies":[{"name":"wp","href":"https:\/\/api.w.org\/{rel}","templated":true}]}}