{"id":12784,"date":"2023-10-09T20:44:37","date_gmt":"2023-10-09T20:44:37","guid":{"rendered":"https:\/\/principesdeparis.es\/principes\/?p=12784"},"modified":"2023-10-09T20:44:37","modified_gmt":"2023-10-09T20:44:37","slug":"mi-opinion-en-minuto-32-13","status":"publish","type":"post","link":"https:\/\/principesdeparis.es\/principes\/mi-opinion-en-minuto-32-13\/","title":{"rendered":"Mi opini\u00f3n en Minuto 32"},"content":{"rendered":"<h3 style=\"text-align: center;\"><span style=\"color: #0000ff;\"><strong>Jornada 10\u00aa \/ Real Zaragoza 0 Alcorc\u00f3n 2<\/strong><\/span><\/h3>\n<h3 style=\"text-align: center;\"><span style=\"color: #0000ff;\">\u00abFran Escrib\u00e1 est\u00e1 alterando el orden natural del Real Zaragoza sobre un tablero donde las piezas confunden su misi\u00f3n. La inestabilidad en la alineaci\u00f3n est\u00e1 afectando al equipo\u00bb<\/span><\/h3>\n<p><iframe style=\"border-radius:12px\" src=\"https:\/\/open.spotify.com\/embed\/episode\/35RuEMCzzygik61bpfrYTN?utm_source=generator\" width=\"100%\" height=\"352\" frameBorder=\"0\" allowfullscreen=\"\" allow=\"autoplay; clipboard-write; encrypted-media; fullscreen; picture-in-picture\" loading=\"lazy\"><\/iframe><\/p>\n","protected":false},"excerpt":{"rendered":"<p>Jornada 10\u00aa \/ Real Zaragoza 0 Alcorc\u00f3n 2 \u00abFran Escrib\u00e1 est\u00e1 alterando el orden natural del Real Zaragoza sobre un tablero donde las piezas confunden su misi\u00f3n. La inestabilidad en la alineaci\u00f3n est\u00e1 afectando al equipo\u00bb<\/p>\n","protected":false},"author":2,"featured_media":12785,"comment_status":"open","ping_status":"open","sticky":false,"template":"","format":"standard","meta":{"footnotes":""},"categories":[15,13],"tags":[],"class_list":["post-12784","post","type-post","status-publish","format-standard","has-post-thumbnail","hentry","category-otros-temas","category-publicidad"],"_links":{"self":[{"href":"https:\/\/principesdeparis.es\/principes\/wp-json\/wp\/v2\/posts\/12784","targetHints":{"allow":["GET"]}}],"collection":[{"href":"https:\/\/principesdeparis.es\/principes\/wp-json\/wp\/v2\/posts"}],"about":[{"href":"https:\/\/principesdeparis.es\/principes\/wp-json\/wp\/v2\/types\/post"}],"author":[{"embeddable":true,"href":"https:\/\/principesdeparis.es\/principes\/wp-json\/wp\/v2\/users\/2"}],"replies":[{"embeddable":true,"href":"https:\/\/principesdeparis.es\/principes\/wp-json\/wp\/v2\/comments?post=12784"}],"version-history":[{"count":2,"href":"https:\/\/principesdeparis.es\/principes\/wp-json\/wp\/v2\/posts\/12784\/revisions"}],"predecessor-version":[{"id":12787,"href":"https:\/\/principesdeparis.es\/principes\/wp-json\/wp\/v2\/posts\/12784\/revisions\/12787"}],"wp:featuredmedia":[{"embeddable":true,"href":"https:\/\/principesdeparis.es\/principes\/wp-json\/wp\/v2\/media\/12785"}],"wp:attachment":[{"href":"https:\/\/principesdeparis.es\/principes\/wp-json\/wp\/v2\/media?parent=12784"}],"wp:term":[{"taxonomy":"category","embeddable":true,"href":"https:\/\/principesdeparis.es\/principes\/wp-json\/wp\/v2\/categories?post=12784"},{"taxonomy":"post_tag","embeddable":true,"href":"https:\/\/principesdeparis.es\/principes\/wp-json\/wp\/v2\/tags?post=12784"}],"curies":[{"name":"wp","href":"https:\/\/api.w.org\/{rel}","templated":true}]}}