{"id":12795,"date":"2023-10-11T15:30:36","date_gmt":"2023-10-11T15:30:36","guid":{"rendered":"https:\/\/principesdeparis.es\/principes\/?p=12795"},"modified":"2023-10-11T15:30:36","modified_gmt":"2023-10-11T15:30:36","slug":"bakis-el-peor-con-diferencia","status":"publish","type":"post","link":"https:\/\/principesdeparis.es\/principes\/bakis-el-peor-con-diferencia\/","title":{"rendered":"Bakis, el peor con diferencia"},"content":{"rendered":"<p style=\"text-align: center;\"><strong>El turco, con 612 minutos disputados, es el <em>9<\/em> con el registro m\u00e1s bajo en la d\u00e9cima jornada de los \u00faltimos once a\u00f1os del Real Zaragoza en Segunda<\/strong><\/p>\n<p>Con la d\u00e9cima jornada como frontera comparativa de los arietes que han circulado por el Real Zaragoza en estos \u00faltimos once a\u00f1os en Segunda, Sinan Bakis es el peor con diferencia. Ha sido titular en ocho encuentros y suplente en dos sin participaci\u00f3n alguna, en total 612 minutos en los que no ha conseguido marcar un solo gol. Cuando fue contratado procedente del Andorra como gran referencia ofensiva, se esperaba de \u00e9l que pusiera fin a la gran sequ\u00eda realizadora que hab\u00eda sacudido al conjunto aragon\u00e9s en las tres campa\u00f1as anteriores, causa principal de los riesgos de descenso que se corrieron. No lo ha hecho todav\u00eda. Apenas ha dispuesto de ocasiones, ni las ha generado, ni ha ofrecido una asistencia, cayendo en una profunda depresi\u00f3n palpable en su juego y en su rostro al ser sustituido. Antes el liderato y ahora la quinta posici\u00f3n se han sostenido gracias a los tantos de Az\u00f3n &#8211;el \u00fanico delantero que se ha estrenado&#8211;, Francho, Jair, Franc\u00e9s, Manu Vallejo, Valera y Mollejo (2). Bakis no aparece en una lista en la que se le echa de menos y se le espera lo antes posible mientras el futbolista ve ligada su crisis personal a la del equipo.<\/p>\n<p>Hay nombres malditos de goleadores que nunca lo fueron en este Real Zaragoza penitente. Gueye, Sabin Merino, Gabriel Fern\u00e1ndez, Vuckic&#8230; Sin embargo, nadie hab\u00eda tenido tanta confianza en la primera decena de partidos como Bakis. \u00c1lvaro Gim\u00e9nez lleg\u00f3 a este punto de la competici\u00f3n con 478 minutos sin ver puerta y no se estren\u00f3 hasta los 750 para firmar su primera diana, la de la victoria en Burgos en la temporada 2020-2021. El tercero con m\u00e1s tiempo en el campo en diez citas, ya que lleg\u00f3 en el mercado de inverno, fue Merino, fichado del Legan\u00e9s en una operaci\u00f3n vergonzosa que a\u00fan mantiene al vasco ligado al club. Consumi\u00f3 388 minutos y lleg\u00f3 a los 909 sin celebrar una diana. El Toro finaliz\u00f3 la d\u00e9cima fecha con 348 minutos bajo cero y continu\u00f3 congelada su punter\u00eda hasta los 1244. Vuckic se qued\u00f3 a ciegas en 338 minutos de los 475 que jug\u00f3, mientras que Az\u00f3n alcanz\u00f3 los 297 en blanco en la 2020-2021. El caso m\u00e1s escandaloso hasta la fecha lo protagoniz\u00f3 Gueye el curso pasado. Bendecido por la sinergias, a las primeras de cambio Juan Carlos Carcedo ya se percat\u00f3 del paquete que le hab\u00edan metido. Escrib\u00e1 sali\u00f3 en su defensa hasta que no dio m\u00e1s de s\u00ed. No obstante, el senegal\u00e9s se plant\u00f3 a estas alturas del campeonato con 72 minutos en la mochila, a a\u00f1os luz de los 612 de Bakis para hacer lo mismo.<\/p>\n<p>En el club nadie tira la toalla por este punta experimentado y con facha de buen atacante pese a que nunca haya sido un reputado matador del \u00e1rea. La afici\u00f3n, aunque cada vez m\u00e1s mosca por los \u00faltimos fichajes de jugadores para esa posici\u00f3n clave, a\u00fan mantiene la confianza en que despierte para aportar una cantidad de goles si no llamativa s\u00ed complementaria y de calidad. Con El Molin\u00f3n a la vista, el turco es, por el momento, el menos productivo de todos los supuestos goleadores desde 2013 en relaci\u00f3n al tiempo que se le ha concedido.<\/p>\n","protected":false},"excerpt":{"rendered":"<p>El turco, con 612 minutos disputados, es el 9 con el registro m\u00e1s bajo en la d\u00e9cima jornada de los \u00faltimos once a\u00f1os del Real Zaragoza en Segunda Con la d\u00e9cima jornada como frontera comparativa de los arietes que han circulado por el Real Zaragoza en estos \u00faltimos once a\u00f1os <a class=\"read-more\" href=\"https:\/\/principesdeparis.es\/principes\/bakis-el-peor-con-diferencia\/\">Sigue leyendo<\/a><\/p>\n","protected":false},"author":2,"featured_media":12796,"comment_status":"open","ping_status":"open","sticky":false,"template":"","format":"standard","meta":{"footnotes":""},"categories":[13,1],"tags":[],"class_list":["post-12795","post","type-post","status-publish","format-standard","has-post-thumbnail","hentry","category-publicidad","category-real-zaragoza"],"_links":{"self":[{"href":"https:\/\/principesdeparis.es\/principes\/wp-json\/wp\/v2\/posts\/12795","targetHints":{"allow":["GET"]}}],"collection":[{"href":"https:\/\/principesdeparis.es\/principes\/wp-json\/wp\/v2\/posts"}],"about":[{"href":"https:\/\/principesdeparis.es\/principes\/wp-json\/wp\/v2\/types\/post"}],"author":[{"embeddable":true,"href":"https:\/\/principesdeparis.es\/principes\/wp-json\/wp\/v2\/users\/2"}],"replies":[{"embeddable":true,"href":"https:\/\/principesdeparis.es\/principes\/wp-json\/wp\/v2\/comments?post=12795"}],"version-history":[{"count":1,"href":"https:\/\/principesdeparis.es\/principes\/wp-json\/wp\/v2\/posts\/12795\/revisions"}],"predecessor-version":[{"id":12797,"href":"https:\/\/principesdeparis.es\/principes\/wp-json\/wp\/v2\/posts\/12795\/revisions\/12797"}],"wp:featuredmedia":[{"embeddable":true,"href":"https:\/\/principesdeparis.es\/principes\/wp-json\/wp\/v2\/media\/12796"}],"wp:attachment":[{"href":"https:\/\/principesdeparis.es\/principes\/wp-json\/wp\/v2\/media?parent=12795"}],"wp:term":[{"taxonomy":"category","embeddable":true,"href":"https:\/\/principesdeparis.es\/principes\/wp-json\/wp\/v2\/categories?post=12795"},{"taxonomy":"post_tag","embeddable":true,"href":"https:\/\/principesdeparis.es\/principes\/wp-json\/wp\/v2\/tags?post=12795"}],"curies":[{"name":"wp","href":"https:\/\/api.w.org\/{rel}","templated":true}]}}